{"id":6189,"date":"2025-09-14T20:17:14","date_gmt":"2025-09-14T19:17:14","guid":{"rendered":"https:\/\/www.marinejugend-kiel.de\/?p=6189"},"modified":"2025-09-15T10:25:26","modified_gmt":"2025-09-15T09:25:26","slug":"__trashed","status":"publish","type":"post","link":"https:\/\/www.marinejugend-kiel.de\/index.php\/2025\/09\/14\/__trashed\/","title":{"rendered":"Optis k\u00f6nnen auch bei Windst\u00e4rke 5"},"content":{"rendered":"\n<figure class=\"wp-block-image size-large\"><img loading=\"lazy\" decoding=\"async\" width=\"1024\" height=\"771\" src=\"https:\/\/www.marinejugend-kiel.de\/wp-content\/uploads\/2025\/09\/IMG-20250913-WA0046-1024x771.jpg\" alt=\"\" class=\"wp-image-6192\" srcset=\"https:\/\/www.marinejugend-kiel.de\/wp-content\/uploads\/2025\/09\/IMG-20250913-WA0046-1024x771.jpg 1024w, https:\/\/www.marinejugend-kiel.de\/wp-content\/uploads\/2025\/09\/IMG-20250913-WA0046-300x226.jpg 300w, https:\/\/www.marinejugend-kiel.de\/wp-content\/uploads\/2025\/09\/IMG-20250913-WA0046-768x578.jpg 768w, https:\/\/www.marinejugend-kiel.de\/wp-content\/uploads\/2025\/09\/IMG-20250913-WA0046-1536x1157.jpg 1536w, https:\/\/www.marinejugend-kiel.de\/wp-content\/uploads\/2025\/09\/IMG-20250913-WA0046.jpg 2040w\" sizes=\"auto, (max-width: 767px) 89vw, (max-width: 1000px) 54vw, (max-width: 1071px) 543px, 580px\" \/><figcaption class=\"wp-element-caption\">Janek und Jonas geben letzte Ratschl\u00e4ge vor dem Ablegen. Foto: mor<\/figcaption><\/figure>\n\n\n\n<p class=\"wp-block-paragraph\">Nach den Sommerferien ist immer noch ein bisschen Zeit, um den Rest der Saison mit Segel-Stunden zu f\u00fcllen. Zwar waren die Kutter auch in der vergangenen Urlaubszeit immer wieder unterwegs gewesen; die Jollen dagegen waren dagegen nach der Fr\u00fchjahrsm\u00fcdigkeit auch gleich Opfer der Sommerpause geworden. Mangels Nachfrage hatten auch die Sonnabende im Vereinsleben in j\u00fcngster Zeit nicht mehr regelm\u00e4\u00dfig genutzt werden k\u00f6nnen. Nun gab es einen  neuen Anlauf. Und der machte richtig Spa\u00df.<\/p>\n\n\n\n<figure class=\"wp-block-image size-large\"><img loading=\"lazy\" decoding=\"async\" width=\"771\" height=\"1024\" src=\"https:\/\/www.marinejugend-kiel.de\/wp-content\/uploads\/2025\/09\/IMG-20250913-WA0031-771x1024.jpg\" alt=\"\" class=\"wp-image-6212\" srcset=\"https:\/\/www.marinejugend-kiel.de\/wp-content\/uploads\/2025\/09\/IMG-20250913-WA0031-771x1024.jpg 771w, https:\/\/www.marinejugend-kiel.de\/wp-content\/uploads\/2025\/09\/IMG-20250913-WA0031-226x300.jpg 226w, https:\/\/www.marinejugend-kiel.de\/wp-content\/uploads\/2025\/09\/IMG-20250913-WA0031-768x1020.jpg 768w, https:\/\/www.marinejugend-kiel.de\/wp-content\/uploads\/2025\/09\/IMG-20250913-WA0031-1157x1536.jpg 1157w, https:\/\/www.marinejugend-kiel.de\/wp-content\/uploads\/2025\/09\/IMG-20250913-WA0031.jpg 1536w\" sizes=\"auto, (max-width: 767px) 89vw, (max-width: 1000px) 54vw, (max-width: 1071px) 543px, 580px\" \/><figcaption class=\"wp-element-caption\">Schlechtes Wetter gibt es nicht, zeigen Ole und Jonas und jagen einen \u201eFloh\u201c \u00fcber die F\u00f6rde. Foto: mor<\/figcaption><\/figure>\n\n\n\n<p class=\"wp-block-paragraph\">Optimisten raus, eine \u201eFloh\u201c-Jolle raus, die Motoren der Begleitboote betankt, alles zu Wasser gelassen. Und schon konnte es losgehen. Fast. Das gro\u00dfe Schlauchboot war gerade von Stefan fit gemacht worden und schnurrte wieder; aber das Rigg eines Optis musste schnell nachgearbeitet werden. Dann startete der Segelnachmittag wirklich: Das Handling ihrer Boote hatten alle noch verinnerlicht, auch wenn die Bewegungsabl\u00e4ufe das eine oder andere mal ein bisschen \u201eeingerostet\u201c war. Aber immerhin lief es gleich so gut, dass man sich auch auf \u00e4u\u00dfere Umst\u00e4nde wie Vorfahrtsregeln konzentrieren konnte. In der Ferne hatte sich eine andere Gruppe mit  Kutter \u201eFritjof\u201c auf den Weg gemacht, der dann \u201emajest\u00e4tisch\u201c die schnelleren Jollen vorbeiziehen lie\u00df. Fazit des Tages: Bei stetiger Beteiligung k\u00f6nnte auch der Jollennachmittag am Sonnabend wieder an Schwung gewinnen.<br><em>Klaas<\/em><\/p>\n","protected":false},"excerpt":{"rendered":"<p>Nach den Sommerferien ist immer noch ein bisschen Zeit, um den Rest der Saison mit Segel-Stunden zu f\u00fcllen. Zwar waren die Kutter auch in der vergangenen Urlaubszeit immer wieder unterwegs gewesen; die Jollen dagegen waren dagegen nach der Fr\u00fchjahrsm\u00fcdigkeit auch gleich Opfer der Sommerpause geworden. Mangels Nachfrage hatten auch die Sonnabende im Vereinsleben in j\u00fcngster &hellip; <\/p>\n<p class=\"link-more\"><a href=\"https:\/\/www.marinejugend-kiel.de\/index.php\/2025\/09\/14\/__trashed\/\" class=\"more-link\"><span class=\"screen-reader-text\">\u201eOptis k\u00f6nnen auch bei Windst\u00e4rke 5\u201c <\/span>weiterlesen<\/a><\/p>\n","protected":false},"author":2,"featured_media":6205,"comment_status":"open","ping_status":"open","sticky":false,"template":"","format":"standard","meta":{"_crdt_document":"","footnotes":""},"categories":[1],"tags":[],"class_list":["post-6189","post","type-post","status-publish","format-standard","has-post-thumbnail","hentry","category-allgemein"],"_links":{"self":[{"href":"https:\/\/www.marinejugend-kiel.de\/index.php\/wp-json\/wp\/v2\/posts\/6189","targetHints":{"allow":["GET"]}}],"collection":[{"href":"https:\/\/www.marinejugend-kiel.de\/index.php\/wp-json\/wp\/v2\/posts"}],"about":[{"href":"https:\/\/www.marinejugend-kiel.de\/index.php\/wp-json\/wp\/v2\/types\/post"}],"author":[{"embeddable":true,"href":"https:\/\/www.marinejugend-kiel.de\/index.php\/wp-json\/wp\/v2\/users\/2"}],"replies":[{"embeddable":true,"href":"https:\/\/www.marinejugend-kiel.de\/index.php\/wp-json\/wp\/v2\/comments?post=6189"}],"version-history":[{"count":8,"href":"https:\/\/www.marinejugend-kiel.de\/index.php\/wp-json\/wp\/v2\/posts\/6189\/revisions"}],"predecessor-version":[{"id":6254,"href":"https:\/\/www.marinejugend-kiel.de\/index.php\/wp-json\/wp\/v2\/posts\/6189\/revisions\/6254"}],"wp:featuredmedia":[{"embeddable":true,"href":"https:\/\/www.marinejugend-kiel.de\/index.php\/wp-json\/wp\/v2\/media\/6205"}],"wp:attachment":[{"href":"https:\/\/www.marinejugend-kiel.de\/index.php\/wp-json\/wp\/v2\/media?parent=6189"}],"wp:term":[{"taxonomy":"category","embeddable":true,"href":"https:\/\/www.marinejugend-kiel.de\/index.php\/wp-json\/wp\/v2\/categories?post=6189"},{"taxonomy":"post_tag","embeddable":true,"href":"https:\/\/www.marinejugend-kiel.de\/index.php\/wp-json\/wp\/v2\/tags?post=6189"}],"curies":[{"name":"wp","href":"https:\/\/api.w.org\/{rel}","templated":true}]}}