{"id":5653,"date":"2024-10-27T21:09:23","date_gmt":"2024-10-27T20:09:23","guid":{"rendered":"https:\/\/www.marinejugend-kiel.de\/?p=5653"},"modified":"2024-10-27T21:09:23","modified_gmt":"2024-10-27T20:09:23","slug":"ganz-entspannt-vom-meer-an-land","status":"publish","type":"post","link":"https:\/\/www.marinejugend-kiel.de\/index.php\/2024\/10\/27\/ganz-entspannt-vom-meer-an-land\/","title":{"rendered":"Ganz entspannt vom Meer an Land"},"content":{"rendered":"\n<figure class=\"wp-block-image size-large\"><img loading=\"lazy\" decoding=\"async\" width=\"771\" height=\"1024\" src=\"https:\/\/www.marinejugend-kiel.de\/wp-content\/uploads\/2024\/10\/PXL_20241025_124416470-771x1024.jpg\" alt=\"\" class=\"wp-image-5623\" srcset=\"https:\/\/www.marinejugend-kiel.de\/wp-content\/uploads\/2024\/10\/PXL_20241025_124416470-771x1024.jpg 771w, https:\/\/www.marinejugend-kiel.de\/wp-content\/uploads\/2024\/10\/PXL_20241025_124416470-226x300.jpg 226w, https:\/\/www.marinejugend-kiel.de\/wp-content\/uploads\/2024\/10\/PXL_20241025_124416470-768x1020.jpg 768w, https:\/\/www.marinejugend-kiel.de\/wp-content\/uploads\/2024\/10\/PXL_20241025_124416470-1157x1536.jpg 1157w, https:\/\/www.marinejugend-kiel.de\/wp-content\/uploads\/2024\/10\/PXL_20241025_124416470-1542x2048.jpg 1542w, https:\/\/www.marinejugend-kiel.de\/wp-content\/uploads\/2024\/10\/PXL_20241025_124416470-scaled.jpg 1928w\" sizes=\"auto, (max-width: 767px) 89vw, (max-width: 1000px) 54vw, (max-width: 1071px) 543px, 580px\" \/><figcaption class=\"wp-element-caption\">Jonas ist beim Kranen ein Multitalent: Notfalls steht er sogar in der Luft&#8230; \ud83d\ude09 Foto: mor<\/figcaption><\/figure>\n\n\n\n<p class=\"wp-block-paragraph\">Es hatte eigentlich eine Woche fr\u00fcher stattfinden sollen: das Kranen der gro\u00dfen Boote zum Ende der Segelsaison. Krankheitsbedingt hatte es verschoben werden m\u00fcssen \u2013 mitten in die schleswig-holsteinischen Herbstferien. Aber alle Bef\u00fcrchtungen im Zusammenhang mit der Beteiligung der Mitglieder und dem Wetter erwiesen sich als v\u00f6llig unbegr\u00fcndet. Sonnenschein, zweistellige Temperaturen, kaum Wind und vor allem eine gro\u00dfe Resonanz im Verein machten aus dem  Stress-Termin eine tiefenentspannte Angelegenheit. Viele der erfahreneren Mitglieder, zum Teil mit beachtlicher Anreise, waren zur Kiellinie gekommen und hatten die \u00c4rmel hochgekrempelt. Nicht zuletzt die in diesem Jahr sehr gr\u00fcndliche Vorbereitung reduzierte den Aufwand rings um den Kran.<\/p>\n\n\n\n<div class=\"alignnormal\"><div id=\"metaslider-id-5656\" style=\"width: 100%;\" class=\"ml-slider-3-108-0 metaslider metaslider-flex metaslider-5656 ml-slider has-dots-nav ms-theme-default\" role=\"region\" aria-label=\"New Slideshow\" data-height=\"600\" data-width=\"900\">\n    <div id=\"metaslider_container_5656\">\n        <div id=\"metaslider_5656\">\n            <ul class='slides'>\n                <li style=\"display: block; width: 100%;\" class=\"slide-5658 ms-image \" aria-roledescription=\"slide\" data-date=\"2024-10-27 19:00:57\" data-filename=\"IMG_20241025_132519_897-scaled-900x600.jpg\" data-slide-type=\"image\"><img loading=\"lazy\" decoding=\"async\" src=\"https:\/\/www.marinejugend-kiel.de\/wp-content\/uploads\/2024\/10\/IMG_20241025_132519_897-scaled-900x600.jpg\" height=\"600\" width=\"900\" alt=\"\" class=\"slider-5656 slide-5658 msDefaultImage\" title=\"IMG_20241025_132519_897\" \/><\/li>\n                <li style=\"display: none; width: 100%;\" class=\"slide-5659 ms-image \" aria-roledescription=\"slide\" data-date=\"2024-10-27 19:00:57\" data-filename=\"IMG_8328-scaled-900x600.jpeg\" data-slide-type=\"image\"><img loading=\"lazy\" decoding=\"async\" src=\"https:\/\/www.marinejugend-kiel.de\/wp-content\/uploads\/2024\/10\/IMG_8328-scaled-900x600.jpeg\" height=\"600\" width=\"900\" alt=\"\" class=\"slider-5656 slide-5659 msDefaultImage\" title=\"IMG_8328\" \/><\/li>\n                <li style=\"display: none; width: 100%;\" class=\"slide-5660 ms-image \" aria-roledescription=\"slide\" data-date=\"2024-10-27 19:00:57\" data-filename=\"IMG_8332-scaled-900x600.jpeg\" data-slide-type=\"image\"><img loading=\"lazy\" decoding=\"async\" src=\"https:\/\/www.marinejugend-kiel.de\/wp-content\/uploads\/2024\/10\/IMG_8332-scaled-900x600.jpeg\" height=\"600\" width=\"900\" alt=\"\" class=\"slider-5656 slide-5660 msDefaultImage\" title=\"IMG_8332\" \/><\/li>\n                <li style=\"display: none; width: 100%;\" class=\"slide-5661 ms-image \" aria-roledescription=\"slide\" data-date=\"2024-10-27 19:00:57\" data-filename=\"PXL_20241025_115543900.MP_-scaled-900x600.jpg\" data-slide-type=\"image\"><img loading=\"lazy\" decoding=\"async\" src=\"https:\/\/www.marinejugend-kiel.de\/wp-content\/uploads\/2024\/10\/PXL_20241025_115543900.MP_-scaled-900x600.jpg\" height=\"600\" width=\"900\" alt=\"\" class=\"slider-5656 slide-5661 msDefaultImage\" title=\"PXL_20241025_115543900.MP\" \/><\/li>\n                <li style=\"display: none; width: 100%;\" class=\"slide-5662 ms-image \" aria-roledescription=\"slide\" data-date=\"2024-10-27 19:00:57\" data-filename=\"PXL_20241025_123719367.MP_-scaled-900x600.jpg\" data-slide-type=\"image\"><img loading=\"lazy\" decoding=\"async\" src=\"https:\/\/www.marinejugend-kiel.de\/wp-content\/uploads\/2024\/10\/PXL_20241025_123719367.MP_-scaled-900x600.jpg\" height=\"600\" width=\"900\" alt=\"\" class=\"slider-5656 slide-5662 msDefaultImage\" title=\"PXL_20241025_123719367.MP\" \/><\/li>\n                <li style=\"display: none; width: 100%;\" class=\"slide-5663 ms-image \" aria-roledescription=\"slide\" data-date=\"2024-10-27 19:00:57\" data-filename=\"PXL_20241025_123850975.MP_-scaled-900x600.jpg\" data-slide-type=\"image\"><img loading=\"lazy\" decoding=\"async\" src=\"https:\/\/www.marinejugend-kiel.de\/wp-content\/uploads\/2024\/10\/PXL_20241025_123850975.MP_-scaled-900x600.jpg\" height=\"600\" width=\"900\" alt=\"\" class=\"slider-5656 slide-5663 msDefaultImage\" title=\"PXL_20241025_123850975.MP\" \/><\/li>\n                <li style=\"display: none; width: 100%;\" class=\"slide-5664 ms-image \" aria-roledescription=\"slide\" data-date=\"2024-10-27 19:00:57\" data-filename=\"PXL_20241025_124005833.MP_-scaled-900x600.jpg\" data-slide-type=\"image\"><img loading=\"lazy\" decoding=\"async\" src=\"https:\/\/www.marinejugend-kiel.de\/wp-content\/uploads\/2024\/10\/PXL_20241025_124005833.MP_-scaled-900x600.jpg\" height=\"600\" width=\"900\" alt=\"\" class=\"slider-5656 slide-5664 msDefaultImage\" title=\"PXL_20241025_124005833.MP\" \/><\/li>\n                <li style=\"display: none; width: 100%;\" class=\"slide-5665 ms-image \" aria-roledescription=\"slide\" data-date=\"2024-10-27 19:00:58\" data-filename=\"PXL_20241025_124556051-scaled-900x600.jpg\" data-slide-type=\"image\"><img loading=\"lazy\" decoding=\"async\" src=\"https:\/\/www.marinejugend-kiel.de\/wp-content\/uploads\/2024\/10\/PXL_20241025_124556051-scaled-900x600.jpg\" height=\"600\" width=\"900\" alt=\"\" class=\"slider-5656 slide-5665 msDefaultImage\" title=\"PXL_20241025_124556051\" \/><\/li>\n                <li style=\"display: none; width: 100%;\" class=\"slide-5666 ms-image \" aria-roledescription=\"slide\" data-date=\"2024-10-27 19:00:58\" data-filename=\"IMG_0147-scaled-900x600.jpeg\" data-slide-type=\"image\"><img loading=\"lazy\" decoding=\"async\" src=\"https:\/\/www.marinejugend-kiel.de\/wp-content\/uploads\/2024\/10\/IMG_0147-scaled-900x600.jpeg\" height=\"600\" width=\"900\" alt=\"\" class=\"slider-5656 slide-5666 msDefaultImage\" title=\"IMG_0147\" \/><\/li>\n                <li style=\"display: none; width: 100%;\" class=\"slide-5667 ms-image \" aria-roledescription=\"slide\" data-date=\"2024-10-27 19:00:58\" data-filename=\"IMG_0154-scaled-900x600.jpeg\" data-slide-type=\"image\"><img loading=\"lazy\" decoding=\"async\" src=\"https:\/\/www.marinejugend-kiel.de\/wp-content\/uploads\/2024\/10\/IMG_0154-scaled-900x600.jpeg\" height=\"600\" width=\"900\" alt=\"\" class=\"slider-5656 slide-5667 msDefaultImage\" title=\"IMG_0154\" \/><\/li>\n                <li style=\"display: none; width: 100%;\" class=\"slide-5668 ms-image \" aria-roledescription=\"slide\" data-date=\"2024-10-27 19:00:58\" data-filename=\"IMG_0174-scaled-900x600.jpeg\" data-slide-type=\"image\"><img loading=\"lazy\" decoding=\"async\" src=\"https:\/\/www.marinejugend-kiel.de\/wp-content\/uploads\/2024\/10\/IMG_0174-scaled-900x600.jpeg\" height=\"600\" width=\"900\" alt=\"\" class=\"slider-5656 slide-5668 msDefaultImage\" title=\"IMG_0174\" \/><\/li>\n                <li style=\"display: none; width: 100%;\" class=\"slide-5669 ms-image \" aria-roledescription=\"slide\" data-date=\"2024-10-27 19:00:58\" data-filename=\"IMG_0181-scaled-900x600.jpeg\" data-slide-type=\"image\"><img loading=\"lazy\" decoding=\"async\" src=\"https:\/\/www.marinejugend-kiel.de\/wp-content\/uploads\/2024\/10\/IMG_0181-scaled-900x600.jpeg\" height=\"600\" width=\"900\" alt=\"\" class=\"slider-5656 slide-5669 msDefaultImage\" title=\"IMG_0181\" \/><\/li>\n                <li style=\"display: none; width: 100%;\" class=\"slide-5673 ms-image \" aria-roledescription=\"slide\" data-date=\"2024-10-27 19:06:01\" data-filename=\"IMG_0194-scaled-900x600.jpeg\" data-slide-type=\"image\"><img loading=\"lazy\" decoding=\"async\" src=\"https:\/\/www.marinejugend-kiel.de\/wp-content\/uploads\/2024\/10\/IMG_0194-scaled-900x600.jpeg\" height=\"600\" width=\"900\" alt=\"\" class=\"slider-5656 slide-5673 msDefaultImage\" title=\"IMG_0194\" \/><\/li>\n                <li style=\"display: none; width: 100%;\" class=\"slide-5674 ms-image \" aria-roledescription=\"slide\" data-date=\"2024-10-27 19:06:33\" data-filename=\"IMG_0224-scaled-900x600.jpeg\" data-slide-type=\"image\"><img loading=\"lazy\" decoding=\"async\" src=\"https:\/\/www.marinejugend-kiel.de\/wp-content\/uploads\/2024\/10\/IMG_0224-scaled-900x600.jpeg\" height=\"600\" width=\"900\" alt=\"\" class=\"slider-5656 slide-5674 msDefaultImage\" title=\"IMG_0224\" \/><\/li>\n                <li style=\"display: none; width: 100%;\" class=\"slide-5675 ms-image \" aria-roledescription=\"slide\" data-date=\"2024-10-27 19:06:50\" data-filename=\"PXL_20241025_131139301.MP_-scaled-900x600.jpg\" data-slide-type=\"image\"><img loading=\"lazy\" decoding=\"async\" src=\"https:\/\/www.marinejugend-kiel.de\/wp-content\/uploads\/2024\/10\/PXL_20241025_131139301.MP_-scaled-900x600.jpg\" height=\"600\" width=\"900\" alt=\"\" class=\"slider-5656 slide-5675 msDefaultImage\" title=\"PXL_20241025_131139301.MP\" \/><\/li>\n                <li style=\"display: none; width: 100%;\" class=\"slide-5676 ms-image \" aria-roledescription=\"slide\" data-date=\"2024-10-27 19:07:12\" data-filename=\"PXL_20241025_114750062.MP_-scaled-900x600.jpg\" data-slide-type=\"image\"><img loading=\"lazy\" decoding=\"async\" src=\"https:\/\/www.marinejugend-kiel.de\/wp-content\/uploads\/2024\/10\/PXL_20241025_114750062.MP_-scaled-900x600.jpg\" height=\"600\" width=\"900\" alt=\"\" class=\"slider-5656 slide-5676 msDefaultImage\" title=\"PXL_20241025_114750062.MP\" \/><\/li>\n                <li style=\"display: none; width: 100%;\" class=\"slide-5677 ms-image \" aria-roledescription=\"slide\" data-date=\"2024-10-27 19:07:24\" data-filename=\"IMG_0333-scaled-900x600.jpeg\" data-slide-type=\"image\"><img loading=\"lazy\" decoding=\"async\" src=\"https:\/\/www.marinejugend-kiel.de\/wp-content\/uploads\/2024\/10\/IMG_0333-scaled-900x600.jpeg\" height=\"600\" width=\"900\" alt=\"\" class=\"slider-5656 slide-5677 msDefaultImage\" title=\"IMG_0333\" \/><\/li>\n            <\/ul>\n        <\/div>\n        \n    <\/div>\n<\/div><\/div>\n\n\n\n<p class=\"wp-block-paragraph\"><em><sup>Die beiden Kutter sind zuerst dran mit dem Kranen. Bei ihnen ist es auch etwas anspruchsvoller, auf den Winterliegeplatz zu kommen.              Fotos: Kirstine, D\u00f6rte, J\u00f6rn, Marcel, Klaas<\/sup><\/em><\/p>\n\n\n\n<p class=\"wp-block-paragraph\">Als Peer mit dem gro\u00dfen Autokran langsam vor das Vereinsgel\u00e4nde rollte, hatte Asha im Gruppenraum schon den Kaffee bereitet. Die Crew, die die Boote derweil aus dem Sportboothafen D\u00fcsternbrook herangef\u00fchrt hatte, war l\u00e4ngst mit Fischbr\u00f6tchen gest\u00e4rkt. Die beiden Kutter waren von dem gro\u00dfen Motorschlauchboot und der \u201eColombina\u201c zum Vereinssteg geschleppt worden, die \u201eRegulus\u201c wurde ebenfalls gezogen, ihr Elektromotor musste gar nicht mehr bem\u00fcht werden. <\/p>\n\n\n\n<p class=\"wp-block-paragraph\"><strong>Zuerst die beiden Kutter<\/strong><\/p>\n\n\n\n<p class=\"wp-block-paragraph\">Zun\u00e4chst kamen die Kutter \u201eFritjof\u201c und \u201eAneesa\u201c an die Reihe. Zur \u00dcberraschung der Helferinnen und Helfer war sehr wenig Bewuchs von Kiel und Schwertern abzukratzen. Das Antifouling hatte in dieser Sommersaison gut durchgehalten. Der Kran hob die Boote dann quer \u00fcber die Kiellinie zum Vereinsparkplatz, beobachtet von Hunderten Zuschauerinnen und Zuschauern, die das Spektakel mit Kameras vor den Nasen und vielen gut gemeinten Kommentaren begleiteten. <\/p>\n\n\n\n<p class=\"wp-block-paragraph\"><strong>Einsatz der st\u00e4hlernen Lagerb\u00f6cke<\/strong><\/p>\n\n\n\n<p class=\"wp-block-paragraph\">\u201eFritjof\u201c war schnell auf seinem Rollwagen untergebracht und dank der neuen Schwerlastrollen unter dem Gestell ohne Schwierigkeiten unter dem Balkon am Vereinsheim untergebracht. F\u00fcr \u201eAneesa\u201c folgte eine Premiere: Die alten st\u00e4hlernen B\u00f6cke der fr\u00fcheren Kutter wurden bereitgestellt, und das Boot wurde darauf abgesenkt. Hintergrund: Das Schwert von \u201eAneesa\u201c hat in der vergangenen Saison Schwierigkeiten gemacht und soll in ausgefahrenem Zustand in Ordnung gebracht werden. Die hohen Lagerb\u00f6cke machen dies erst m\u00f6glich. Die Polster der seitlichen Halterungen waren rechtzeitig wieder \u201eaufgetaucht\u201c, erfahrene Kuttersegler, die mit der Konstruktion umgehen k\u00f6nnen, standen parat. Und so war auch das Lagern unseres roten Kutters in Windeseile erledigt.<\/p>\n\n\n\n<div class=\"alignnormal\"><div id=\"metaslider-id-5679\" style=\"width: 100%;\" class=\"ml-slider-3-108-0 metaslider metaslider-flex metaslider-5679 ml-slider has-dots-nav ms-theme-default\" role=\"region\" aria-label=\"New Slideshow\" data-height=\"600\" data-width=\"900\">\n    <div id=\"metaslider_container_5679\">\n        <div id=\"metaslider_5679\">\n            <ul class='slides'>\n                <li style=\"display: block; width: 100%;\" class=\"slide-5680 ms-image \" aria-roledescription=\"slide\" data-date=\"2024-10-27 19:11:34\" data-filename=\"PXL_20241025_133114828-scaled-900x600.jpg\" data-slide-type=\"image\"><img loading=\"lazy\" decoding=\"async\" src=\"https:\/\/www.marinejugend-kiel.de\/wp-content\/uploads\/2024\/10\/PXL_20241025_133114828-scaled-900x600.jpg\" height=\"600\" width=\"900\" alt=\"\" class=\"slider-5679 slide-5680 msDefaultImage\" title=\"PXL_20241025_133114828\" \/><\/li>\n                <li style=\"display: none; width: 100%;\" class=\"slide-5681 ms-image \" aria-roledescription=\"slide\" data-date=\"2024-10-27 19:11:34\" data-filename=\"IMG_0256-scaled-900x600.jpeg\" data-slide-type=\"image\"><img loading=\"lazy\" decoding=\"async\" src=\"https:\/\/www.marinejugend-kiel.de\/wp-content\/uploads\/2024\/10\/IMG_0256-scaled-900x600.jpeg\" height=\"600\" width=\"900\" alt=\"\" class=\"slider-5679 slide-5681 msDefaultImage\" title=\"IMG_0256\" \/><\/li>\n                <li style=\"display: none; width: 100%;\" class=\"slide-5682 ms-image \" aria-roledescription=\"slide\" data-date=\"2024-10-27 19:11:34\" data-filename=\"IMG_0265-scaled-900x600.jpeg\" data-slide-type=\"image\"><img loading=\"lazy\" decoding=\"async\" src=\"https:\/\/www.marinejugend-kiel.de\/wp-content\/uploads\/2024\/10\/IMG_0265-scaled-900x600.jpeg\" height=\"600\" width=\"900\" alt=\"\" class=\"slider-5679 slide-5682 msDefaultImage\" title=\"IMG_0265\" \/><\/li>\n                <li style=\"display: none; width: 100%;\" class=\"slide-5683 ms-image \" aria-roledescription=\"slide\" data-date=\"2024-10-27 19:11:34\" data-filename=\"IMG_0298-scaled-900x600.jpeg\" data-slide-type=\"image\"><img loading=\"lazy\" decoding=\"async\" src=\"https:\/\/www.marinejugend-kiel.de\/wp-content\/uploads\/2024\/10\/IMG_0298-scaled-900x600.jpeg\" height=\"600\" width=\"900\" alt=\"\" class=\"slider-5679 slide-5683 msDefaultImage\" title=\"IMG_0298\" \/><\/li>\n                <li style=\"display: none; width: 100%;\" class=\"slide-5684 ms-image \" aria-roledescription=\"slide\" data-date=\"2024-10-27 19:11:34\" data-filename=\"IMG_0302-scaled-900x600.jpeg\" data-slide-type=\"image\"><img loading=\"lazy\" decoding=\"async\" src=\"https:\/\/www.marinejugend-kiel.de\/wp-content\/uploads\/2024\/10\/IMG_0302-scaled-900x600.jpeg\" height=\"600\" width=\"900\" alt=\"\" class=\"slider-5679 slide-5684 msDefaultImage\" title=\"IMG_0302\" \/><\/li>\n                <li style=\"display: none; width: 100%;\" class=\"slide-5685 ms-image \" aria-roledescription=\"slide\" data-date=\"2024-10-27 19:11:34\" data-filename=\"IMG_0360-scaled-900x600.jpeg\" data-slide-type=\"image\"><img loading=\"lazy\" decoding=\"async\" src=\"https:\/\/www.marinejugend-kiel.de\/wp-content\/uploads\/2024\/10\/IMG_0360-scaled-900x600.jpeg\" height=\"600\" width=\"900\" alt=\"\" class=\"slider-5679 slide-5685 msDefaultImage\" title=\"IMG_0360\" \/><\/li>\n                <li style=\"display: none; width: 100%;\" class=\"slide-5686 ms-image \" aria-roledescription=\"slide\" data-date=\"2024-10-27 19:11:34\" data-filename=\"PXL_20241025_135313090.MP_-scaled-900x600.jpg\" data-slide-type=\"image\"><img loading=\"lazy\" decoding=\"async\" src=\"https:\/\/www.marinejugend-kiel.de\/wp-content\/uploads\/2024\/10\/PXL_20241025_135313090.MP_-scaled-900x600.jpg\" height=\"600\" width=\"900\" alt=\"\" class=\"slider-5679 slide-5686 msDefaultImage\" title=\"PXL_20241025_135313090.MP\" \/><\/li>\n                <li style=\"display: none; width: 100%;\" class=\"slide-5687 ms-image \" aria-roledescription=\"slide\" data-date=\"2024-10-27 19:11:34\" data-filename=\"PXL_20241025_135847987.MP_-scaled-900x600.jpg\" data-slide-type=\"image\"><img loading=\"lazy\" decoding=\"async\" src=\"https:\/\/www.marinejugend-kiel.de\/wp-content\/uploads\/2024\/10\/PXL_20241025_135847987.MP_-scaled-900x600.jpg\" height=\"600\" width=\"900\" alt=\"\" class=\"slider-5679 slide-5687 msDefaultImage\" title=\"PXL_20241025_135847987.MP\" \/><\/li>\n                <li style=\"display: none; width: 100%;\" class=\"slide-5688 ms-image \" aria-roledescription=\"slide\" data-date=\"2024-10-27 19:11:34\" data-filename=\"IMG_0310-scaled-900x600.jpeg\" data-slide-type=\"image\"><img loading=\"lazy\" decoding=\"async\" src=\"https:\/\/www.marinejugend-kiel.de\/wp-content\/uploads\/2024\/10\/IMG_0310-scaled-900x600.jpeg\" height=\"600\" width=\"900\" alt=\"\" class=\"slider-5679 slide-5688 msDefaultImage\" title=\"IMG_0310\" \/><\/li>\n            <\/ul>\n        <\/div>\n        \n    <\/div>\n<\/div><\/div>\n\n\n\n<p class=\"wp-block-paragraph\"><em><sup>Die \u201eKleinen\u201c sind auch nicht ganz unkompliziert: Dem Schlauchboot fehlt schon etwas Luft, \u201eRegulus\u201c muss immer gebeten werden, das Schwert einzuziehen, und \u201eColombina\u201c sitzt zun\u00e4chst schief auf dem Trailer. Fotos: Kirstine, D\u00f6rte, J\u00f6rn, Marcel<\/sup><\/em><\/p>\n\n\n\n<p class=\"wp-block-paragraph\">Die drei kleineren Boote machten es uns dann nicht ganz so leicht; aber auf deren Sperenzchen waren wir ja vorbereitet. Den Anfang machte die Varianta \u201eRegulus\u201c. Wie gewohnt zickte das Schwert, das sich nicht freiwillig und ohne gutes Zureden einfahren lassen wollte. Ein gro\u00dfer Hammer und ein St\u00fcck Holz leisteten die passende \u00dcberzeugungsarbeit. Die Nachbarn vom Ruderclub \u201eGermania\u201c zeigten sich nachsichtig, als wir auf deren Grundst\u00fcck ein paar Trailer verr\u00fccken mussten, um die \u201eRegulus\u201c dort unterzubringen. Und schnell war auch die kleine Yacht dort, wo sie hinsollte. <\/p>\n\n\n\n<p class=\"wp-block-paragraph\"><strong>Motorboot reist nach Nordfriesland<\/strong><\/p>\n\n\n\n<p class=\"wp-block-paragraph\">Das Motorschlauchboot hatte schon beim Schleppen gezeigt, dass die Saison diesmal richtig an dem Material genagt hatte. Die wenige Luft in den Schl\u00e4uchen war nach kurzer Inspektion das geringste Problem, war doch unter anderem die Bughalterung komplett aus dem Schlauch gerissen. Mit vereinter Hilfe wurde das Boot auf seinen Trailer verfrachtet, der Schlauch vom Festrumpf gezogen, alles gestaut und festgeschnallt. Axel nahm den Patienten anschlie\u00dfend mit zu sich nach Nordfriesland, um Schlauchboot und Trailer auf Herz und Nieren zu pr\u00fcfen. Die Polizei, die das Gespann nach nur einem Kilometer Fahrt kontrollierte, zeigte sich aber zufrieden und lie\u00df die Fuhre unbehelligt ihrer Wege ziehen. Querelen machte in diesem Jahr auch die \u201eColombina\u201c; sie musste als einziges Boot zur\u00fcck ins Wasser. Beim ersten Hebevorgang war sie offenbar in den Gurten gerutscht und hing dann schief auf dem Trailer. Gute Worte halfen nichts. Es musste ein zweiter Anlauf genommen werden. Dann aber konnte sie sicher und aufrecht von der Kiellinie rollen. Dennis hatte in der Woche zuvor schon die Albin Vega \u201eJohanna\u201c nach Schilksee gebracht, wo sie ins dortige Au\u00dfenlager gekrant worden war. Damit sind alle Boote sicher im Winterquartier angekommen. Und die Arbeit f\u00fcr die n\u00e4chste Sommersaison kann beginnen. \ud83d\ude09<br><em>Klaas<\/em><\/p>\n\n\n\n<p class=\"wp-block-paragraph\"><\/p>\n","protected":false},"excerpt":{"rendered":"<p>Es hatte eigentlich eine Woche fr\u00fcher stattfinden sollen: das Kranen der gro\u00dfen Boote zum Ende der Segelsaison. Krankheitsbedingt hatte es verschoben werden m\u00fcssen \u2013 mitten in die schleswig-holsteinischen Herbstferien. Aber alle Bef\u00fcrchtungen im Zusammenhang mit der Beteiligung der Mitglieder und dem Wetter erwiesen sich als v\u00f6llig unbegr\u00fcndet. Sonnenschein, zweistellige Temperaturen, kaum Wind und vor allem &hellip; <\/p>\n<p class=\"link-more\"><a href=\"https:\/\/www.marinejugend-kiel.de\/index.php\/2024\/10\/27\/ganz-entspannt-vom-meer-an-land\/\" class=\"more-link\"><span class=\"screen-reader-text\">\u201eGanz entspannt vom Meer an Land\u201c <\/span>weiterlesen<\/a><\/p>\n","protected":false},"author":2,"featured_media":5642,"comment_status":"open","ping_status":"open","sticky":false,"template":"","format":"standard","meta":{"_crdt_document":"","footnotes":""},"categories":[1],"tags":[],"class_list":["post-5653","post","type-post","status-publish","format-standard","has-post-thumbnail","hentry","category-allgemein"],"_links":{"self":[{"href":"https:\/\/www.marinejugend-kiel.de\/index.php\/wp-json\/wp\/v2\/posts\/5653","targetHints":{"allow":["GET"]}}],"collection":[{"href":"https:\/\/www.marinejugend-kiel.de\/index.php\/wp-json\/wp\/v2\/posts"}],"about":[{"href":"https:\/\/www.marinejugend-kiel.de\/index.php\/wp-json\/wp\/v2\/types\/post"}],"author":[{"embeddable":true,"href":"https:\/\/www.marinejugend-kiel.de\/index.php\/wp-json\/wp\/v2\/users\/2"}],"replies":[{"embeddable":true,"href":"https:\/\/www.marinejugend-kiel.de\/index.php\/wp-json\/wp\/v2\/comments?post=5653"}],"version-history":[{"count":14,"href":"https:\/\/www.marinejugend-kiel.de\/index.php\/wp-json\/wp\/v2\/posts\/5653\/revisions"}],"predecessor-version":[{"id":5699,"href":"https:\/\/www.marinejugend-kiel.de\/index.php\/wp-json\/wp\/v2\/posts\/5653\/revisions\/5699"}],"wp:featuredmedia":[{"embeddable":true,"href":"https:\/\/www.marinejugend-kiel.de\/index.php\/wp-json\/wp\/v2\/media\/5642"}],"wp:attachment":[{"href":"https:\/\/www.marinejugend-kiel.de\/index.php\/wp-json\/wp\/v2\/media?parent=5653"}],"wp:term":[{"taxonomy":"category","embeddable":true,"href":"https:\/\/www.marinejugend-kiel.de\/index.php\/wp-json\/wp\/v2\/categories?post=5653"},{"taxonomy":"post_tag","embeddable":true,"href":"https:\/\/www.marinejugend-kiel.de\/index.php\/wp-json\/wp\/v2\/tags?post=5653"}],"curies":[{"name":"wp","href":"https:\/\/api.w.org\/{rel}","templated":true}]}}