{"id":5407,"date":"2024-10-01T16:41:13","date_gmt":"2024-10-01T15:41:13","guid":{"rendered":"https:\/\/www.marinejugend-kiel.de\/?p=5407"},"modified":"2024-10-01T16:41:14","modified_gmt":"2024-10-01T15:41:14","slug":"absegeln-mit-weltumseglern","status":"publish","type":"post","link":"https:\/\/www.marinejugend-kiel.de\/index.php\/2024\/10\/01\/absegeln-mit-weltumseglern\/","title":{"rendered":"Absegeln mit Weltumseglern"},"content":{"rendered":"\n<figure class=\"wp-block-image size-large\"><img loading=\"lazy\" decoding=\"async\" width=\"683\" height=\"1024\" src=\"https:\/\/www.marinejugend-kiel.de\/wp-content\/uploads\/2024\/09\/1024-1536-8-683x1024.jpg\" alt=\"\" class=\"wp-image-5408\" srcset=\"https:\/\/www.marinejugend-kiel.de\/wp-content\/uploads\/2024\/09\/1024-1536-8-683x1024.jpg 683w, https:\/\/www.marinejugend-kiel.de\/wp-content\/uploads\/2024\/09\/1024-1536-8-200x300.jpg 200w, https:\/\/www.marinejugend-kiel.de\/wp-content\/uploads\/2024\/09\/1024-1536-8-768x1152.jpg 768w, https:\/\/www.marinejugend-kiel.de\/wp-content\/uploads\/2024\/09\/1024-1536-8.jpg 1024w\" sizes=\"auto, (max-width: 683px) 100vw, 683px\" \/><figcaption class=\"wp-element-caption\">Es ist geschafft: Die \u201eGegenwind\u201c legt an \u2013 nach \u00fcber zehn Jahren Abwesenheit, aber gleich mit neuer MJK-Flagge. Foto: Guido<\/figcaption><\/figure>\n\n\n\n<p class=\"wp-block-paragraph\">Beifall brandet auf am Steg vor \u201eGermania\u201c und \u201eMarine-Jugend Kieler F\u00f6rde\u201c an der Kielline: Dutzende Besucherinnen und Besucher haben hier schon eine dreiviertel Stunde gestanden und geduldig die Ankunft der Yacht \u201eGegenwind\u201c und ihrer kleinen Begleitflottille der MJK erwartet. Nun sind sie da. Mit weit auswehender MJK-Flagge bringen Asha und Helge die \u201eGegenwind\u201c an die S\u00fcdseite des Stegs. Nach zehn Jahren und knapp drei Monaten sind die beiden zur\u00fcck in Kiel \u2013 am Ende einer ausgedehnten und abenteuerlichen Weltreise. Die Begeisterung bei Angeh\u00f6rigen, Freunden und Vereinsmitgliedern ist gro\u00df. H\u00f6rbares Durchatmen bei Organisatorinnen und Organisatoren, bei allen Helferinnen und Helfern des Vereins. Bis zu diesem Moment hat ein gro\u00dfes R\u00e4derwerk gearbeitet, um die Vorbereitungen f\u00fcr diesen Tag zu bew\u00e4ltigen. <\/p>\n\n\n\n<div class=\"alignnormal\"><div id=\"metaslider-id-5495\" style=\"width: 100%;\" class=\"ml-slider-3-108-0 metaslider metaslider-flex metaslider-5495 ml-slider has-dots-nav ms-theme-default\" role=\"region\" aria-label=\"New Slideshow\" data-height=\"650\" data-width=\"900\">\n    <div id=\"metaslider_container_5495\">\n        <div id=\"metaslider_5495\">\n            <ul class='slides'>\n                <li style=\"display: block; width: 100%;\" class=\"slide-5496 ms-image \" aria-roledescription=\"slide\" data-date=\"2024-09-30 20:30:43\" data-filename=\"PXL_20240928_104455191-scaled-900x650.jpg\" data-slide-type=\"image\"><img loading=\"lazy\" decoding=\"async\" src=\"https:\/\/www.marinejugend-kiel.de\/wp-content\/uploads\/2024\/09\/PXL_20240928_104455191-scaled-900x650.jpg\" height=\"650\" width=\"900\" alt=\"\" class=\"slider-5495 slide-5496 msDefaultImage\" title=\"PXL_20240928_104455191\" \/><\/li>\n                <li style=\"display: none; width: 100%;\" class=\"slide-5497 ms-image \" aria-roledescription=\"slide\" data-date=\"2024-09-30 20:30:43\" data-filename=\"PXL_20240928_110028185.MP_-scaled-900x650.jpg\" data-slide-type=\"image\"><img loading=\"lazy\" decoding=\"async\" src=\"https:\/\/www.marinejugend-kiel.de\/wp-content\/uploads\/2024\/09\/PXL_20240928_110028185.MP_-scaled-900x650.jpg\" height=\"650\" width=\"900\" alt=\"\" class=\"slider-5495 slide-5497 msDefaultImage\" title=\"PXL_20240928_110028185.MP\" \/><\/li>\n                <li style=\"display: none; width: 100%;\" class=\"slide-5498 ms-image \" aria-roledescription=\"slide\" data-date=\"2024-09-30 20:30:43\" data-filename=\"PXL_20240928_111030623.MP_-scaled-900x650.jpg\" data-slide-type=\"image\"><img loading=\"lazy\" decoding=\"async\" src=\"https:\/\/www.marinejugend-kiel.de\/wp-content\/uploads\/2024\/09\/PXL_20240928_111030623.MP_-scaled-900x650.jpg\" height=\"650\" width=\"900\" alt=\"\" class=\"slider-5495 slide-5498 msDefaultImage\" title=\"PXL_20240928_111030623.MP\" \/><\/li>\n                <li style=\"display: none; width: 100%;\" class=\"slide-5499 ms-image \" aria-roledescription=\"slide\" data-date=\"2024-09-30 20:30:43\" data-filename=\"PXL_20240928_102632486-scaled-900x650.jpg\" data-slide-type=\"image\"><img loading=\"lazy\" decoding=\"async\" src=\"https:\/\/www.marinejugend-kiel.de\/wp-content\/uploads\/2024\/09\/PXL_20240928_102632486-scaled-900x650.jpg\" height=\"650\" width=\"900\" alt=\"\" class=\"slider-5495 slide-5499 msDefaultImage\" title=\"PXL_20240928_102632486\" \/><\/li>\n                <li style=\"display: none; width: 100%;\" class=\"slide-5500 ms-image \" aria-roledescription=\"slide\" data-date=\"2024-09-30 20:30:43\" data-filename=\"PXL_20240928_102455453-scaled-900x650.jpg\" data-slide-type=\"image\"><img loading=\"lazy\" decoding=\"async\" src=\"https:\/\/www.marinejugend-kiel.de\/wp-content\/uploads\/2024\/09\/PXL_20240928_102455453-scaled-900x650.jpg\" height=\"650\" width=\"900\" alt=\"\" class=\"slider-5495 slide-5500 msDefaultImage\" title=\"PXL_20240928_102455453\" \/><\/li>\n                <li style=\"display: none; width: 100%;\" class=\"slide-5501 ms-image \" aria-roledescription=\"slide\" data-date=\"2024-09-30 20:30:43\" data-filename=\"IMG_20240928_103554-scaled-900x650.jpg\" data-slide-type=\"image\"><img loading=\"lazy\" decoding=\"async\" src=\"https:\/\/www.marinejugend-kiel.de\/wp-content\/uploads\/2024\/09\/IMG_20240928_103554-scaled-900x650.jpg\" height=\"650\" width=\"900\" alt=\"\" class=\"slider-5495 slide-5501 msDefaultImage\" title=\"IMG_20240928_103554\" \/><\/li>\n                <li style=\"display: none; width: 100%;\" class=\"slide-5502 ms-image \" aria-roledescription=\"slide\" data-date=\"2024-09-30 20:30:43\" data-filename=\"IMG-20240928-WA0057-900x650.jpg\" data-slide-type=\"image\"><img loading=\"lazy\" decoding=\"async\" src=\"https:\/\/www.marinejugend-kiel.de\/wp-content\/uploads\/2024\/09\/IMG-20240928-WA0057-900x650.jpg\" height=\"650\" width=\"900\" alt=\"\" class=\"slider-5495 slide-5502 msDefaultImage\" title=\"IMG-20240928-WA0057\" \/><\/li>\n                <li style=\"display: none; width: 100%;\" class=\"slide-5503 ms-image \" aria-roledescription=\"slide\" data-date=\"2024-09-30 20:30:43\" data-filename=\"3000-2000-max-2024-09-30T170504.738-scaled-900x650.jpg\" data-slide-type=\"image\"><img loading=\"lazy\" decoding=\"async\" src=\"https:\/\/www.marinejugend-kiel.de\/wp-content\/uploads\/2024\/09\/3000-2000-max-2024-09-30T170504.738-scaled-900x650.jpg\" height=\"650\" width=\"900\" alt=\"\" class=\"slider-5495 slide-5503 msDefaultImage\" title=\"3000-2000-max - 2024-09-30T170504.738\" \/><\/li>\n                <li style=\"display: none; width: 100%;\" class=\"slide-5504 ms-image \" aria-roledescription=\"slide\" data-date=\"2024-09-30 20:30:43\" data-filename=\"3000-2000-max-2024-09-30T170452.310-scaled-900x650.jpg\" data-slide-type=\"image\"><img loading=\"lazy\" decoding=\"async\" src=\"https:\/\/www.marinejugend-kiel.de\/wp-content\/uploads\/2024\/09\/3000-2000-max-2024-09-30T170452.310-scaled-900x650.jpg\" height=\"650\" width=\"900\" alt=\"\" class=\"slider-5495 slide-5504 msDefaultImage\" title=\"3000-2000-max - 2024-09-30T170452.310\" \/><\/li>\n            <\/ul>\n        <\/div>\n        \n    <\/div>\n<\/div><\/div>\n\n\n\n<p class=\"wp-block-paragraph\">Den Zeitpunkt hatten unsere beiden Weltreisenden gl\u00fccklicherweise schon rechtzeitig festgelegt \u2013 aber damit begannen nat\u00fcrlich erst die eigentlichen Planungen. Wer wird eingeladen? Wer muss informiert werden?  Die Freundinnen und Freunde vom Nachbarverein \u201eGermania\u201c mussten schlie\u00dflich zustimmen, dass wir einen ganzen Tag den gemeinsamen Steg blockieren wollen (Ganz gro\u00dfes Dankesch\u00f6n an dieser Stelle!). Und das Restaurant \u201eLagom\u201c im Vereinsgeb\u00e4ude musste seine Anlieferungen anpassen k\u00f6nnen. Wie soll der Tagesablauf aussehen? Wie sieht die Verpflegung der G\u00e4ste aus? Wo sollen sich alle versammeln? Und vor allem: Wer \u00fcbernimmt was? Die R\u00e4umlichkeiten erwiesen sich als grunds\u00e4tzliches Problem, befinden sich die selbigen doch seit Wochen im Status \u201eSanierung\u201c. Die Bootshalle, wegen der Renovierungsarbeiten ein Lagerplatz f\u00fcr Mobiliar und Ger\u00e4t, fiel damit auch aus. Somit blieb nur der Weg nach drau\u00dfen, unabh\u00e4ngig von jeder Wettervorhersage f\u00fcr ein Wochenende am Ende eines sehr regnerischen Septembers.<\/p>\n\n\n\n<p class=\"wp-block-paragraph\"><strong>Immer Verbindung zur \u201eGegenwind\u201c gehalten<\/strong><\/p>\n\n\n\n<p class=\"wp-block-paragraph\">Zwei privat zur Verf\u00fcgung gestellte Pavillons schlossen die erste L\u00fccke. Angesichts des zu erwartenden Aufwands beschlossen wir, den Empfang f\u00fcr die \u201eGegenwind\u201c mit dem offiziellen Absegel-Termin des Vereins zusammenzulegen. Die beiden Kutter \u201eAneesa\u201c und \u201eFritjof\u201c sollten der \u201eGegenwind\u201c zur Holtenauer Schleuse entgegen segeln \u2013 genauso wie die beiden Yachten \u201eRegulus\u201c und \u201eJohanna\u201c. Letztere war zudem wegen eines Risses im Gro\u00dfsegel au\u00dfer Gefecht gesetzt, der kurz vor der Veranstaltung noch ausgebessert werden konnte. \ud83d\ude09 Parallel hielt das Organisations-Team nat\u00fcrlich Verbindung zu den beiden Weltumseglern Asha und Helge, die sich langsam \u00fcber Cuxhaven und Rendsburg in Richtung Kiel vorarbeiteten, und das immer so behutsam, dass der Veranstaltungstermin des 28. Septembers in jedem Fall gehalten werden konnte.<\/p>\n\n\n\n<p class=\"wp-block-paragraph\"><strong>Bei der Vorbereitung \u201edie \u00fcblichen Verd\u00e4chtigen\u201c<\/strong><\/p>\n\n\n\n<p class=\"wp-block-paragraph\">Es waren nat\u00fcrlich die \u201e\u00fcblichen Verd\u00e4chtigen\u201c im Verein, die wieder einmal \u00fcber etliche Tage hinweg die \u00c4rmel hochkrempelten und in ihrer Freizeit zupackten, damit die gro\u00dfe Veranstaltung ein Erfolg werden konnte. Getr\u00e4nke wurden herbeigeschafft, Transparente gemalt, Pavillons und Sitzgarnituren aufgebaut, Schutzsegel aufgeh\u00e4ngt, die Mannschaften f\u00fcr das Absegeln verteilt; die Einladungen an die Medien, die Partnervereine, die Stadt Kiel mussten raus; es wurde geschm\u00fcckt, gekocht, gebacken, der Grill repariert, der Parkplatz des Vereins gefegt und ges\u00e4ubert und wirklich noch ganz viel mehr. <\/p>\n\n\n\n<div class=\"alignnormal\"><div id=\"metaslider-id-5505\" style=\"width: 100%;\" class=\"ml-slider-3-108-0 metaslider metaslider-flex metaslider-5505 ml-slider has-dots-nav ms-theme-default\" role=\"region\" aria-label=\"New Slideshow\" data-height=\"650\" data-width=\"900\">\n    <div id=\"metaslider_container_5505\">\n        <div id=\"metaslider_5505\">\n            <ul class='slides'>\n                <li style=\"display: block; width: 100%;\" class=\"slide-5506 ms-image \" aria-roledescription=\"slide\" data-date=\"2024-09-30 20:32:33\" data-filename=\"IMG_0090-scaled-900x650.jpg\" data-slide-type=\"image\"><img loading=\"lazy\" decoding=\"async\" src=\"https:\/\/www.marinejugend-kiel.de\/wp-content\/uploads\/2024\/09\/IMG_0090-scaled-900x650.jpg\" height=\"650\" width=\"900\" alt=\"\" class=\"slider-5505 slide-5506 msDefaultImage\" title=\"IMG_0090\" \/><\/li>\n                <li style=\"display: none; width: 100%;\" class=\"slide-5507 ms-image \" aria-roledescription=\"slide\" data-date=\"2024-09-30 20:32:33\" data-filename=\"IMG_0096-scaled-900x650.jpg\" data-slide-type=\"image\"><img loading=\"lazy\" decoding=\"async\" src=\"https:\/\/www.marinejugend-kiel.de\/wp-content\/uploads\/2024\/09\/IMG_0096-scaled-900x650.jpg\" height=\"650\" width=\"900\" alt=\"\" class=\"slider-5505 slide-5507 msDefaultImage\" title=\"IMG_0096\" \/><\/li>\n                <li style=\"display: none; width: 100%;\" class=\"slide-5508 ms-image \" aria-roledescription=\"slide\" data-date=\"2024-09-30 20:32:33\" data-filename=\"IMG_0055-scaled-900x650.jpg\" data-slide-type=\"image\"><img loading=\"lazy\" decoding=\"async\" src=\"https:\/\/www.marinejugend-kiel.de\/wp-content\/uploads\/2024\/09\/IMG_0055-scaled-900x650.jpg\" height=\"650\" width=\"900\" alt=\"\" class=\"slider-5505 slide-5508 msDefaultImage\" title=\"IMG_0055\" \/><\/li>\n                <li style=\"display: none; width: 100%;\" class=\"slide-5509 ms-image \" aria-roledescription=\"slide\" data-date=\"2024-09-30 20:32:33\" data-filename=\"IMG_0114-scaled-900x650.jpg\" data-slide-type=\"image\"><img loading=\"lazy\" decoding=\"async\" src=\"https:\/\/www.marinejugend-kiel.de\/wp-content\/uploads\/2024\/09\/IMG_0114-scaled-900x650.jpg\" height=\"650\" width=\"900\" alt=\"\" class=\"slider-5505 slide-5509 msDefaultImage\" title=\"IMG_0114\" \/><\/li>\n                <li style=\"display: none; width: 100%;\" class=\"slide-5510 ms-image \" aria-roledescription=\"slide\" data-date=\"2024-09-30 20:32:33\" data-filename=\"IMG_0186-scaled-900x650.jpg\" data-slide-type=\"image\"><img loading=\"lazy\" decoding=\"async\" src=\"https:\/\/www.marinejugend-kiel.de\/wp-content\/uploads\/2024\/09\/IMG_0186-scaled-900x650.jpg\" height=\"650\" width=\"900\" alt=\"\" class=\"slider-5505 slide-5510 msDefaultImage\" title=\"IMG_0186\" \/><\/li>\n                <li style=\"display: none; width: 100%;\" class=\"slide-5511 ms-image \" aria-roledescription=\"slide\" data-date=\"2024-09-30 20:32:33\" data-filename=\"IMG_0209-scaled-900x650.jpg\" data-slide-type=\"image\"><img loading=\"lazy\" decoding=\"async\" src=\"https:\/\/www.marinejugend-kiel.de\/wp-content\/uploads\/2024\/09\/IMG_0209-scaled-900x650.jpg\" height=\"650\" width=\"900\" alt=\"\" class=\"slider-5505 slide-5511 msDefaultImage\" title=\"IMG_0209\" \/><\/li>\n                <li style=\"display: none; width: 100%;\" class=\"slide-5512 ms-image \" aria-roledescription=\"slide\" data-date=\"2024-09-30 20:32:33\" data-filename=\"IMG_0195-scaled-900x650.jpg\" data-slide-type=\"image\"><img loading=\"lazy\" decoding=\"async\" src=\"https:\/\/www.marinejugend-kiel.de\/wp-content\/uploads\/2024\/09\/IMG_0195-scaled-900x650.jpg\" height=\"650\" width=\"900\" alt=\"\" class=\"slider-5505 slide-5512 msDefaultImage\" title=\"IMG_0195\" \/><\/li>\n                <li style=\"display: none; width: 100%;\" class=\"slide-5513 ms-image \" aria-roledescription=\"slide\" data-date=\"2024-09-30 20:32:33\" data-filename=\"IMG_0160-scaled-900x650.jpg\" data-slide-type=\"image\"><img loading=\"lazy\" decoding=\"async\" src=\"https:\/\/www.marinejugend-kiel.de\/wp-content\/uploads\/2024\/09\/IMG_0160-scaled-900x650.jpg\" height=\"650\" width=\"900\" alt=\"\" class=\"slider-5505 slide-5513 msDefaultImage\" title=\"IMG_0160\" \/><\/li>\n                <li style=\"display: none; width: 100%;\" class=\"slide-5514 ms-image \" aria-roledescription=\"slide\" data-date=\"2024-09-30 20:32:33\" data-filename=\"IMG_0153-scaled-900x650.jpg\" data-slide-type=\"image\"><img loading=\"lazy\" decoding=\"async\" src=\"https:\/\/www.marinejugend-kiel.de\/wp-content\/uploads\/2024\/09\/IMG_0153-scaled-900x650.jpg\" height=\"650\" width=\"900\" alt=\"\" class=\"slider-5505 slide-5514 msDefaultImage\" title=\"IMG_0153\" \/><\/li>\n                <li style=\"display: none; width: 100%;\" class=\"slide-5515 ms-image \" aria-roledescription=\"slide\" data-date=\"2024-09-30 20:32:33\" data-filename=\"IMG_0142-scaled-900x650.jpg\" data-slide-type=\"image\"><img loading=\"lazy\" decoding=\"async\" src=\"https:\/\/www.marinejugend-kiel.de\/wp-content\/uploads\/2024\/09\/IMG_0142-scaled-900x650.jpg\" height=\"650\" width=\"900\" alt=\"\" class=\"slider-5505 slide-5515 msDefaultImage\" title=\"IMG_0142\" \/><\/li>\n                <li style=\"display: none; width: 100%;\" class=\"slide-5516 ms-image \" aria-roledescription=\"slide\" data-date=\"2024-09-30 20:32:33\" data-filename=\"IMG_0138-scaled-900x650.jpg\" data-slide-type=\"image\"><img loading=\"lazy\" decoding=\"async\" src=\"https:\/\/www.marinejugend-kiel.de\/wp-content\/uploads\/2024\/09\/IMG_0138-scaled-900x650.jpg\" height=\"650\" width=\"900\" alt=\"\" class=\"slider-5505 slide-5516 msDefaultImage\" title=\"IMG_0138\" \/><\/li>\n                <li style=\"display: none; width: 100%;\" class=\"slide-5517 ms-image \" aria-roledescription=\"slide\" data-date=\"2024-09-30 20:32:33\" data-filename=\"IMG_0120-scaled-900x650.jpg\" data-slide-type=\"image\"><img loading=\"lazy\" decoding=\"async\" src=\"https:\/\/www.marinejugend-kiel.de\/wp-content\/uploads\/2024\/09\/IMG_0120-scaled-900x650.jpg\" height=\"650\" width=\"900\" alt=\"\" class=\"slider-5505 slide-5517 msDefaultImage\" title=\"IMG_0120\" \/><\/li>\n                <li style=\"display: none; width: 100%;\" class=\"slide-5518 ms-image \" aria-roledescription=\"slide\" data-date=\"2024-09-30 20:32:33\" data-filename=\"IMG_0212-scaled-900x650.jpg\" data-slide-type=\"image\"><img loading=\"lazy\" decoding=\"async\" src=\"https:\/\/www.marinejugend-kiel.de\/wp-content\/uploads\/2024\/09\/IMG_0212-scaled-900x650.jpg\" height=\"650\" width=\"900\" alt=\"\" class=\"slider-5505 slide-5518 msDefaultImage\" title=\"IMG_0212\" \/><\/li>\n                <li style=\"display: none; width: 100%;\" class=\"slide-5519 ms-image \" aria-roledescription=\"slide\" data-date=\"2024-09-30 20:32:33\" data-filename=\"IMG-20240928-WA0002-900x650.jpg\" data-slide-type=\"image\"><img loading=\"lazy\" decoding=\"async\" src=\"https:\/\/www.marinejugend-kiel.de\/wp-content\/uploads\/2024\/09\/IMG-20240928-WA0002-900x650.jpg\" height=\"650\" width=\"900\" alt=\"\" class=\"slider-5505 slide-5519 msDefaultImage\" title=\"IMG-20240928-WA0002\" \/><\/li>\n                <li style=\"display: none; width: 100%;\" class=\"slide-5520 ms-image \" aria-roledescription=\"slide\" data-date=\"2024-09-30 20:32:33\" data-filename=\"1024-1536-4-900x650.jpg\" data-slide-type=\"image\"><img loading=\"lazy\" decoding=\"async\" src=\"https:\/\/www.marinejugend-kiel.de\/wp-content\/uploads\/2024\/09\/1024-1536-4-900x650.jpg\" height=\"650\" width=\"900\" alt=\"\" class=\"slider-5505 slide-5520 msDefaultImage\" title=\"1024-1536 (4)\" \/><\/li>\n                <li style=\"display: none; width: 100%;\" class=\"slide-5521 ms-image \" aria-roledescription=\"slide\" data-date=\"2024-09-30 20:32:33\" data-filename=\"3000-2000-max-2024-09-30T190843.923-scaled-900x650.jpg\" data-slide-type=\"image\"><img loading=\"lazy\" decoding=\"async\" src=\"https:\/\/www.marinejugend-kiel.de\/wp-content\/uploads\/2024\/09\/3000-2000-max-2024-09-30T190843.923-scaled-900x650.jpg\" height=\"650\" width=\"900\" alt=\"\" class=\"slider-5505 slide-5521 msDefaultImage\" title=\"3000-2000-max - 2024-09-30T190843.923\" \/><\/li>\n                <li style=\"display: none; width: 100%;\" class=\"slide-5526 ms-image \" aria-roledescription=\"slide\" data-date=\"2024-09-30 20:33:39\" data-filename=\"3000-2000-max-80-scaled-900x650.jpg\" data-slide-type=\"image\"><img loading=\"lazy\" decoding=\"async\" src=\"https:\/\/www.marinejugend-kiel.de\/wp-content\/uploads\/2024\/09\/3000-2000-max-80-scaled-900x650.jpg\" height=\"650\" width=\"900\" alt=\"\" class=\"slider-5505 slide-5526 msDefaultImage\" title=\"3000-2000-max (80)\" \/><\/li>\n                <li style=\"display: none; width: 100%;\" class=\"slide-5527 ms-image \" aria-roledescription=\"slide\" data-date=\"2024-09-30 20:33:39\" data-filename=\"390dc6b8-8706-4a23-b20c-88649fe26200-900x650.jpeg\" data-slide-type=\"image\"><img loading=\"lazy\" decoding=\"async\" src=\"https:\/\/www.marinejugend-kiel.de\/wp-content\/uploads\/2024\/09\/390dc6b8-8706-4a23-b20c-88649fe26200-900x650.jpeg\" height=\"650\" width=\"900\" alt=\"\" class=\"slider-5505 slide-5527 msDefaultImage\" title=\"390dc6b8-8706-4a23-b20c-88649fe26200\" \/><\/li>\n                <li style=\"display: none; width: 100%;\" class=\"slide-5528 ms-image \" aria-roledescription=\"slide\" data-date=\"2024-09-30 20:33:39\" data-filename=\"IMG_8186-scaled-900x650.jpeg\" data-slide-type=\"image\"><img loading=\"lazy\" decoding=\"async\" src=\"https:\/\/www.marinejugend-kiel.de\/wp-content\/uploads\/2024\/09\/IMG_8186-scaled-900x650.jpeg\" height=\"650\" width=\"900\" alt=\"\" class=\"slider-5505 slide-5528 msDefaultImage\" title=\"IMG_8186\" \/><\/li>\n                <li style=\"display: none; width: 100%;\" class=\"slide-5529 ms-image \" aria-roledescription=\"slide\" data-date=\"2024-09-30 20:33:39\" data-filename=\"IMG_8189-scaled-900x650.jpeg\" data-slide-type=\"image\"><img loading=\"lazy\" decoding=\"async\" src=\"https:\/\/www.marinejugend-kiel.de\/wp-content\/uploads\/2024\/09\/IMG_8189-scaled-900x650.jpeg\" height=\"650\" width=\"900\" alt=\"\" class=\"slider-5505 slide-5529 msDefaultImage\" title=\"IMG_8189\" \/><\/li>\n                <li style=\"display: none; width: 100%;\" class=\"slide-5530 ms-image \" aria-roledescription=\"slide\" data-date=\"2024-09-30 20:33:39\" data-filename=\"IMG_8191-scaled-900x650.jpeg\" data-slide-type=\"image\"><img loading=\"lazy\" decoding=\"async\" src=\"https:\/\/www.marinejugend-kiel.de\/wp-content\/uploads\/2024\/09\/IMG_8191-scaled-900x650.jpeg\" height=\"650\" width=\"900\" alt=\"\" class=\"slider-5505 slide-5530 msDefaultImage\" title=\"IMG_8191\" \/><\/li>\n            <\/ul>\n        <\/div>\n        \n    <\/div>\n<\/div><\/div>\n\n\n\n<p class=\"wp-block-paragraph\">Am Morgen des gro\u00dfen Tages stehen schon die Pavillons und Sitzgarnituren \u2013 nun geht es rings um das Vereinsheim ins Eingemachte. Viele flei\u00dfige H\u00e4nde sind ab neun Uhr morgens dabei, es den G\u00e4sten m\u00f6glichst sch\u00f6n zu machen, auch im Regen. Parallel dazu versammeln sich am Sporthafen nach und nach die Besatzungen der vier Boote, die der \u201eGegenwind\u201c entgegenfahren werden. Der erste Vorsitzende versenkt in der Aufregung noch sein Smartphone in der F\u00f6rde, das nach einer gemeinschaftlichen Anstrengung und einem eilends herbeigeschafften Kescher nach einer dreiviertel Stunde heil und unversehrt aus dem Brackwasser aus rund zwei Metern Tiefe aus dem Hafenbecken geborgen wird. Kompliment an die Retter und die Firma, die dieses Telefon hergestellt hat. \ud83d\ude09 <\/p>\n\n\n\n<p class=\"wp-block-paragraph\"><strong>Eine MJK-Flagge f\u00fcr das Einlaufen<\/strong><\/p>\n\n\n\n<p class=\"wp-block-paragraph\">Dann legt ein Boot nach dem anderen ab. Das Wetter ist unstet, mal Regenschauer, mal Sonnenschein; es ist kalt, der Wind b\u00f6ig und st\u00e4ndig die Richtung wechselnd. Aber die Crews sind zumindest von ihrer Bekleidung her gut auf die Unbill vorbereitet. Die \u201eJohanna\u201c-Crew nimmt die neue gro\u00dfe Marine-Jugend-Kiel-Flagge mit an Bord \u2013 eine unserer \u00c4nderungen in letzter Minute. Eigentlich hatte sie am Flaggenmast auf dem Steg zur Begr\u00fc\u00dfung wehen sollen; nun wird die \u201eJohanna\u201c sie f\u00fcr die letzte Meile zur \u201eGegenwind\u201c bringen, damit diese sie beim Einlaufen zeigen kann. <\/p>\n\n\n\n<div class=\"alignnormal\"><div id=\"metaslider-id-5531\" style=\"width: 100%;\" class=\"ml-slider-3-108-0 metaslider metaslider-flex metaslider-5531 ml-slider has-dots-nav ms-theme-default\" role=\"region\" aria-label=\"New Slideshow\" data-height=\"650\" data-width=\"900\">\n    <div id=\"metaslider_container_5531\">\n        <div id=\"metaslider_5531\">\n            <ul class='slides'>\n                <li style=\"display: block; width: 100%;\" class=\"slide-5532 ms-image \" aria-roledescription=\"slide\" data-date=\"2024-09-30 20:35:42\" data-filename=\"1024-1536-4-900x650.jpg\" data-slide-type=\"image\"><img loading=\"lazy\" decoding=\"async\" src=\"https:\/\/www.marinejugend-kiel.de\/wp-content\/uploads\/2024\/09\/1024-1536-4-900x650.jpg\" height=\"650\" width=\"900\" alt=\"\" class=\"slider-5531 slide-5532 msDefaultImage\" title=\"1024-1536 (4)\" \/><\/li>\n                <li style=\"display: none; width: 100%;\" class=\"slide-5533 ms-image \" aria-roledescription=\"slide\" data-date=\"2024-09-30 20:35:42\" data-filename=\"3000-2000-max-2024-09-30T165405.628-scaled-900x650.jpg\" data-slide-type=\"image\"><img loading=\"lazy\" decoding=\"async\" src=\"https:\/\/www.marinejugend-kiel.de\/wp-content\/uploads\/2024\/09\/3000-2000-max-2024-09-30T165405.628-scaled-900x650.jpg\" height=\"650\" width=\"900\" alt=\"\" class=\"slider-5531 slide-5533 msDefaultImage\" title=\"3000-2000-max - 2024-09-30T165405.628\" \/><\/li>\n                <li style=\"display: none; width: 100%;\" class=\"slide-5534 ms-image \" aria-roledescription=\"slide\" data-date=\"2024-09-30 20:35:42\" data-filename=\"PXL_20240928_114412326-scaled-900x650.jpg\" data-slide-type=\"image\"><img loading=\"lazy\" decoding=\"async\" src=\"https:\/\/www.marinejugend-kiel.de\/wp-content\/uploads\/2024\/09\/PXL_20240928_114412326-scaled-900x650.jpg\" height=\"650\" width=\"900\" alt=\"\" class=\"slider-5531 slide-5534 msDefaultImage\" title=\"PXL_20240928_114412326\" \/><\/li>\n                <li style=\"display: none; width: 100%;\" class=\"slide-5535 ms-image \" aria-roledescription=\"slide\" data-date=\"2024-09-30 20:35:42\" data-filename=\"IMG_5528-scaled-900x650.jpeg\" data-slide-type=\"image\"><img loading=\"lazy\" decoding=\"async\" src=\"https:\/\/www.marinejugend-kiel.de\/wp-content\/uploads\/2024\/09\/IMG_5528-scaled-900x650.jpeg\" height=\"650\" width=\"900\" alt=\"\" class=\"slider-5531 slide-5535 msDefaultImage\" title=\"IMG_5528\" \/><\/li>\n                <li style=\"display: none; width: 100%;\" class=\"slide-5536 ms-image \" aria-roledescription=\"slide\" data-date=\"2024-09-30 20:35:42\" data-filename=\"IMG_5531-scaled-900x650.jpeg\" data-slide-type=\"image\"><img loading=\"lazy\" decoding=\"async\" src=\"https:\/\/www.marinejugend-kiel.de\/wp-content\/uploads\/2024\/09\/IMG_5531-scaled-900x650.jpeg\" height=\"650\" width=\"900\" alt=\"\" class=\"slider-5531 slide-5536 msDefaultImage\" title=\"IMG_5531\" \/><\/li>\n                <li style=\"display: none; width: 100%;\" class=\"slide-5537 ms-image \" aria-roledescription=\"slide\" data-date=\"2024-09-30 20:35:42\" data-filename=\"3000-2000-max-2024-09-30T165358.449-scaled-900x650.jpg\" data-slide-type=\"image\"><img loading=\"lazy\" decoding=\"async\" src=\"https:\/\/www.marinejugend-kiel.de\/wp-content\/uploads\/2024\/09\/3000-2000-max-2024-09-30T165358.449-scaled-900x650.jpg\" height=\"650\" width=\"900\" alt=\"\" class=\"slider-5531 slide-5537 msDefaultImage\" title=\"3000-2000-max - 2024-09-30T165358.449\" \/><\/li>\n                <li style=\"display: none; width: 100%;\" class=\"slide-5538 ms-image \" aria-roledescription=\"slide\" data-date=\"2024-09-30 20:35:42\" data-filename=\"3000-2000-max-2024-09-30T165347.371-scaled-900x650.jpg\" data-slide-type=\"image\"><img loading=\"lazy\" decoding=\"async\" src=\"https:\/\/www.marinejugend-kiel.de\/wp-content\/uploads\/2024\/09\/3000-2000-max-2024-09-30T165347.371-scaled-900x650.jpg\" height=\"650\" width=\"900\" alt=\"\" class=\"slider-5531 slide-5538 msDefaultImage\" title=\"3000-2000-max - 2024-09-30T165347.371\" \/><\/li>\n                <li style=\"display: none; width: 100%;\" class=\"slide-5539 ms-image \" aria-roledescription=\"slide\" data-date=\"2024-09-30 20:35:42\" data-filename=\"3000-2000-max-2024-09-30T165338.698-scaled-900x650.jpg\" data-slide-type=\"image\"><img loading=\"lazy\" decoding=\"async\" src=\"https:\/\/www.marinejugend-kiel.de\/wp-content\/uploads\/2024\/09\/3000-2000-max-2024-09-30T165338.698-scaled-900x650.jpg\" height=\"650\" width=\"900\" alt=\"\" class=\"slider-5531 slide-5539 msDefaultImage\" title=\"3000-2000-max - 2024-09-30T165338.698\" \/><\/li>\n                <li style=\"display: none; width: 100%;\" class=\"slide-5540 ms-image \" aria-roledescription=\"slide\" data-date=\"2024-09-30 20:35:42\" data-filename=\"1024-1536-13-900x650.jpg\" data-slide-type=\"image\"><img loading=\"lazy\" decoding=\"async\" src=\"https:\/\/www.marinejugend-kiel.de\/wp-content\/uploads\/2024\/09\/1024-1536-13-900x650.jpg\" height=\"650\" width=\"900\" alt=\"\" class=\"slider-5531 slide-5540 msDefaultImage\" title=\"1024-1536 (13)\" \/><\/li>\n                <li style=\"display: none; width: 100%;\" class=\"slide-5541 ms-image \" aria-roledescription=\"slide\" data-date=\"2024-09-30 20:35:42\" data-filename=\"3000-2000-max-15-scaled-900x650.jpg\" data-slide-type=\"image\"><img loading=\"lazy\" decoding=\"async\" src=\"https:\/\/www.marinejugend-kiel.de\/wp-content\/uploads\/2024\/09\/3000-2000-max-15-scaled-900x650.jpg\" height=\"650\" width=\"900\" alt=\"\" class=\"slider-5531 slide-5541 msDefaultImage\" title=\"3000-2000-max (15)\" \/><\/li>\n                <li style=\"display: none; width: 100%;\" class=\"slide-5542 ms-image \" aria-roledescription=\"slide\" data-date=\"2024-09-30 20:35:42\" data-filename=\"3000-2000-max-86-scaled-900x650.jpg\" data-slide-type=\"image\"><img loading=\"lazy\" decoding=\"async\" src=\"https:\/\/www.marinejugend-kiel.de\/wp-content\/uploads\/2024\/09\/3000-2000-max-86-scaled-900x650.jpg\" height=\"650\" width=\"900\" alt=\"\" class=\"slider-5531 slide-5542 msDefaultImage\" title=\"3000-2000-max (86)\" \/><\/li>\n                <li style=\"display: none; width: 100%;\" class=\"slide-5543 ms-image \" aria-roledescription=\"slide\" data-date=\"2024-09-30 20:35:43\" data-filename=\"3000-2000-max-97-scaled-900x650.jpg\" data-slide-type=\"image\"><img loading=\"lazy\" decoding=\"async\" src=\"https:\/\/www.marinejugend-kiel.de\/wp-content\/uploads\/2024\/09\/3000-2000-max-97-scaled-900x650.jpg\" height=\"650\" width=\"900\" alt=\"\" class=\"slider-5531 slide-5543 msDefaultImage\" title=\"3000-2000-max (97)\" \/><\/li>\n                <li style=\"display: none; width: 100%;\" class=\"slide-5544 ms-image \" aria-roledescription=\"slide\" data-date=\"2024-09-30 20:35:43\" data-filename=\"3000-2000-max-96-scaled-900x650.jpg\" data-slide-type=\"image\"><img loading=\"lazy\" decoding=\"async\" src=\"https:\/\/www.marinejugend-kiel.de\/wp-content\/uploads\/2024\/09\/3000-2000-max-96-scaled-900x650.jpg\" height=\"650\" width=\"900\" alt=\"\" class=\"slider-5531 slide-5544 msDefaultImage\" title=\"3000-2000-max (96)\" \/><\/li>\n                <li style=\"display: none; width: 100%;\" class=\"slide-5545 ms-image \" aria-roledescription=\"slide\" data-date=\"2024-09-30 20:35:43\" data-filename=\"3000-2000-max-91-scaled-900x650.jpg\" data-slide-type=\"image\"><img loading=\"lazy\" decoding=\"async\" src=\"https:\/\/www.marinejugend-kiel.de\/wp-content\/uploads\/2024\/09\/3000-2000-max-91-scaled-900x650.jpg\" height=\"650\" width=\"900\" alt=\"\" class=\"slider-5531 slide-5545 msDefaultImage\" title=\"3000-2000-max (91)\" \/><\/li>\n                <li style=\"display: none; width: 100%;\" class=\"slide-5546 ms-image \" aria-roledescription=\"slide\" data-date=\"2024-09-30 20:35:43\" data-filename=\"3000-2000-max-100-scaled-900x650.jpg\" data-slide-type=\"image\"><img loading=\"lazy\" decoding=\"async\" src=\"https:\/\/www.marinejugend-kiel.de\/wp-content\/uploads\/2024\/09\/3000-2000-max-100-scaled-900x650.jpg\" height=\"650\" width=\"900\" alt=\"\" class=\"slider-5531 slide-5546 msDefaultImage\" title=\"3000-2000-max (100)\" \/><\/li>\n                <li style=\"display: none; width: 100%;\" class=\"slide-5547 ms-image \" aria-roledescription=\"slide\" data-date=\"2024-09-30 20:35:43\" data-filename=\"3000-2000-max-84-scaled-900x650.jpg\" data-slide-type=\"image\"><img loading=\"lazy\" decoding=\"async\" src=\"https:\/\/www.marinejugend-kiel.de\/wp-content\/uploads\/2024\/09\/3000-2000-max-84-scaled-900x650.jpg\" height=\"650\" width=\"900\" alt=\"\" class=\"slider-5531 slide-5547 msDefaultImage\" title=\"3000-2000-max (84)\" \/><\/li>\n                <li style=\"display: none; width: 100%;\" class=\"slide-5548 ms-image \" aria-roledescription=\"slide\" data-date=\"2024-09-30 20:35:43\" data-filename=\"3000-2000-max-83-scaled-900x650.jpg\" data-slide-type=\"image\"><img loading=\"lazy\" decoding=\"async\" src=\"https:\/\/www.marinejugend-kiel.de\/wp-content\/uploads\/2024\/09\/3000-2000-max-83-scaled-900x650.jpg\" height=\"650\" width=\"900\" alt=\"\" class=\"slider-5531 slide-5548 msDefaultImage\" title=\"3000-2000-max (83)\" \/><\/li>\n                <li style=\"display: none; width: 100%;\" class=\"slide-5549 ms-image \" aria-roledescription=\"slide\" data-date=\"2024-09-30 20:35:43\" data-filename=\"3000-2000-max-80-scaled-900x650.jpg\" data-slide-type=\"image\"><img loading=\"lazy\" decoding=\"async\" src=\"https:\/\/www.marinejugend-kiel.de\/wp-content\/uploads\/2024\/09\/3000-2000-max-80-scaled-900x650.jpg\" height=\"650\" width=\"900\" alt=\"\" class=\"slider-5531 slide-5549 msDefaultImage\" title=\"3000-2000-max (80)\" \/><\/li>\n                <li style=\"display: none; width: 100%;\" class=\"slide-5550 ms-image \" aria-roledescription=\"slide\" data-date=\"2024-09-30 20:35:43\" data-filename=\"3000-2000-max-77-scaled-900x650.jpg\" data-slide-type=\"image\"><img loading=\"lazy\" decoding=\"async\" src=\"https:\/\/www.marinejugend-kiel.de\/wp-content\/uploads\/2024\/09\/3000-2000-max-77-scaled-900x650.jpg\" height=\"650\" width=\"900\" alt=\"\" class=\"slider-5531 slide-5550 msDefaultImage\" title=\"3000-2000-max (77)\" \/><\/li>\n                <li style=\"display: none; width: 100%;\" class=\"slide-5551 ms-image \" aria-roledescription=\"slide\" data-date=\"2024-09-30 20:35:43\" data-filename=\"3000-2000-max-74-scaled-900x650.jpg\" data-slide-type=\"image\"><img loading=\"lazy\" decoding=\"async\" src=\"https:\/\/www.marinejugend-kiel.de\/wp-content\/uploads\/2024\/09\/3000-2000-max-74-scaled-900x650.jpg\" height=\"650\" width=\"900\" alt=\"\" class=\"slider-5531 slide-5551 msDefaultImage\" title=\"3000-2000-max (74)\" \/><\/li>\n                <li style=\"display: none; width: 100%;\" class=\"slide-5552 ms-image \" aria-roledescription=\"slide\" data-date=\"2024-09-30 20:35:43\" data-filename=\"3000-2000-max-43-scaled-900x650.jpg\" data-slide-type=\"image\"><img loading=\"lazy\" decoding=\"async\" src=\"https:\/\/www.marinejugend-kiel.de\/wp-content\/uploads\/2024\/09\/3000-2000-max-43-scaled-900x650.jpg\" height=\"650\" width=\"900\" alt=\"\" class=\"slider-5531 slide-5552 msDefaultImage\" title=\"3000-2000-max (43)\" \/><\/li>\n                <li style=\"display: none; width: 100%;\" class=\"slide-5553 ms-image \" aria-roledescription=\"slide\" data-date=\"2024-09-30 20:35:43\" data-filename=\"3000-2000-max-2024-09-30T170313.307-scaled-900x650.jpg\" data-slide-type=\"image\"><img loading=\"lazy\" decoding=\"async\" src=\"https:\/\/www.marinejugend-kiel.de\/wp-content\/uploads\/2024\/09\/3000-2000-max-2024-09-30T170313.307-scaled-900x650.jpg\" height=\"650\" width=\"900\" alt=\"\" class=\"slider-5531 slide-5553 msDefaultImage\" title=\"3000-2000-max - 2024-09-30T170313.307\" \/><\/li>\n                <li style=\"display: none; width: 100%;\" class=\"slide-5554 ms-image \" aria-roledescription=\"slide\" data-date=\"2024-09-30 20:35:43\" data-filename=\"3000-2000-max-2024-09-30T170303.338-scaled-900x650.jpg\" data-slide-type=\"image\"><img loading=\"lazy\" decoding=\"async\" src=\"https:\/\/www.marinejugend-kiel.de\/wp-content\/uploads\/2024\/09\/3000-2000-max-2024-09-30T170303.338-scaled-900x650.jpg\" height=\"650\" width=\"900\" alt=\"\" class=\"slider-5531 slide-5554 msDefaultImage\" title=\"3000-2000-max - 2024-09-30T170303.338\" \/><\/li>\n                <li style=\"display: none; width: 100%;\" class=\"slide-5555 ms-image \" aria-roledescription=\"slide\" data-date=\"2024-09-30 20:35:43\" data-filename=\"3000-2000-max-2024-09-30T170337.235-scaled-900x650.jpg\" data-slide-type=\"image\"><img loading=\"lazy\" decoding=\"async\" src=\"https:\/\/www.marinejugend-kiel.de\/wp-content\/uploads\/2024\/09\/3000-2000-max-2024-09-30T170337.235-scaled-900x650.jpg\" height=\"650\" width=\"900\" alt=\"\" class=\"slider-5531 slide-5555 msDefaultImage\" title=\"3000-2000-max - 2024-09-30T170337.235\" \/><\/li>\n                <li style=\"display: none; width: 100%;\" class=\"slide-5556 ms-image \" aria-roledescription=\"slide\" data-date=\"2024-09-30 20:35:43\" data-filename=\"1024-1536-10-900x650.jpg\" data-slide-type=\"image\"><img loading=\"lazy\" decoding=\"async\" src=\"https:\/\/www.marinejugend-kiel.de\/wp-content\/uploads\/2024\/09\/1024-1536-10-900x650.jpg\" height=\"650\" width=\"900\" alt=\"\" class=\"slider-5531 slide-5556 msDefaultImage\" title=\"1024-1536 (10)\" \/><\/li>\n            <\/ul>\n        <\/div>\n        \n    <\/div>\n<\/div><\/div>\n\n\n\n<p class=\"wp-block-paragraph\">Als die \u201eGegenwind\u201c dann schlie\u00dflich gegen 14 Uhr am Vereinssteg anlegt, gibt es nat\u00fcrlich Applaus und ein riesiges \u201eHallo\u201c. Es ist offensichtlich, dass Asha und Helge  von dem Empfang ziemlich \u00fcberw\u00e4ltigt sind; aber sie haben keine Chance, dar\u00fcber nachzudenken. Denn viele Menschen wollen sie begr\u00fc\u00dfen, in den Arm nehmen und ein paar erste Worte h\u00f6ren. Presseteams sind auf dem Steg, holen die ersten Bilder und \u201eO-T\u00f6ne\u201c. \u00dcberhaupt ist das Echo f\u00fcr die Aktion sehr gro\u00df. Der NDR verbreitet die Geschichte online, im Radio, im Fernsehen. Die Kieler Nachrichten berichten genauso wie der Schleswig-Holsteinische Zeitungsverlag. Radio Schleswig-Holstein bringt die Ankunft der \u201eGegenwind\u201c im Nachgang. Und da die Deutsche Presseagentur eine bundesweite Nachricht gesendet hat, m\u00fcssen Asha und Helge sogar spontan am Telefon dem Bayerischen Rundfunk ein Interview geben. Die rennomierte Zeitschrift \u201eYacht\u201c ist mit einem Redakteur vor Ort, der eine tolle Geschichte online stellt und f\u00fcr die kommende Ausgabe vorbereitet. Und auch die \u201eSegeln\u201c wird von der MJK selbstverst\u00e4ndlich versorgt werden. <\/p>\n\n\n\n<p class=\"wp-block-paragraph\"><strong>Der Steg ist schnell dicht<\/strong><\/p>\n\n\n\n<p class=\"wp-block-paragraph\">Beim Anlegen zeigt es sich auch, dass es sinnvoll gewesen ist, den Steg f\u00fcr diese Veranstaltung freizuhalten. Als die \u00fcbrigen \u201eDickschiffe\u201c nach und nach ihre Leinen her\u00fcbergeben, ist die Anlegestelle ringsum dicht. Der Steg ist voll, und \u00fcberall beginnen intensive Gespr\u00e4che zwischen G\u00e4sten und Mitgliedern. So vertieft sind die vielen kleinen Gruppen, dass es f\u00fcr die Organisatorinnen und Organisatoren richtig schwierig ist, den Schwerpunkt der Veranstaltung die 50 Meter zum Vereinsgel\u00e4nde zu verlagern.<\/p>\n\n\n\n<div class=\"alignnormal\"><div id=\"metaslider-id-5557\" style=\"width: 100%;\" class=\"ml-slider-3-108-0 metaslider metaslider-flex metaslider-5557 ml-slider has-dots-nav ms-theme-default\" role=\"region\" aria-label=\"New Slideshow\" data-height=\"650\" data-width=\"900\">\n    <div id=\"metaslider_container_5557\">\n        <div id=\"metaslider_5557\">\n            <ul class='slides'>\n                <li style=\"display: block; width: 100%;\" class=\"slide-5558 ms-image \" aria-roledescription=\"slide\" data-date=\"2024-09-30 20:36:56\" data-filename=\"3000-2000-max-13-scaled-900x650.jpg\" data-slide-type=\"image\"><img loading=\"lazy\" decoding=\"async\" src=\"https:\/\/www.marinejugend-kiel.de\/wp-content\/uploads\/2024\/09\/3000-2000-max-13-scaled-900x650.jpg\" height=\"650\" width=\"900\" alt=\"\" class=\"slider-5557 slide-5558 msDefaultImage\" title=\"3000-2000-max (13)\" \/><\/li>\n                <li style=\"display: none; width: 100%;\" class=\"slide-5559 ms-image \" aria-roledescription=\"slide\" data-date=\"2024-09-30 20:36:56\" data-filename=\"3000-2000-max-2024-09-30T170417.645-scaled-900x650.jpg\" data-slide-type=\"image\"><img loading=\"lazy\" decoding=\"async\" src=\"https:\/\/www.marinejugend-kiel.de\/wp-content\/uploads\/2024\/09\/3000-2000-max-2024-09-30T170417.645-scaled-900x650.jpg\" height=\"650\" width=\"900\" alt=\"\" class=\"slider-5557 slide-5559 msDefaultImage\" title=\"3000-2000-max - 2024-09-30T170417.645\" \/><\/li>\n                <li style=\"display: none; width: 100%;\" class=\"slide-5560 ms-image \" aria-roledescription=\"slide\" data-date=\"2024-09-30 20:36:56\" data-filename=\"3000-2000-max-2024-09-30T170424.859-scaled-900x650.jpg\" data-slide-type=\"image\"><img loading=\"lazy\" decoding=\"async\" src=\"https:\/\/www.marinejugend-kiel.de\/wp-content\/uploads\/2024\/09\/3000-2000-max-2024-09-30T170424.859-scaled-900x650.jpg\" height=\"650\" width=\"900\" alt=\"\" class=\"slider-5557 slide-5560 msDefaultImage\" title=\"3000-2000-max - 2024-09-30T170424.859\" \/><\/li>\n                <li style=\"display: none; width: 100%;\" class=\"slide-5561 ms-image \" aria-roledescription=\"slide\" data-date=\"2024-09-30 20:36:56\" data-filename=\"3000-2000-max-2024-09-30T170446.418-scaled-900x650.jpg\" data-slide-type=\"image\"><img loading=\"lazy\" decoding=\"async\" src=\"https:\/\/www.marinejugend-kiel.de\/wp-content\/uploads\/2024\/09\/3000-2000-max-2024-09-30T170446.418-scaled-900x650.jpg\" height=\"650\" width=\"900\" alt=\"\" class=\"slider-5557 slide-5561 msDefaultImage\" title=\"3000-2000-max - 2024-09-30T170446.418\" \/><\/li>\n                <li style=\"display: none; width: 100%;\" class=\"slide-5562 ms-image \" aria-roledescription=\"slide\" data-date=\"2024-09-30 20:36:56\" data-filename=\"3000-2000-max-2024-09-30T170510.516-scaled-900x650.jpg\" data-slide-type=\"image\"><img loading=\"lazy\" decoding=\"async\" src=\"https:\/\/www.marinejugend-kiel.de\/wp-content\/uploads\/2024\/09\/3000-2000-max-2024-09-30T170510.516-scaled-900x650.jpg\" height=\"650\" width=\"900\" alt=\"\" class=\"slider-5557 slide-5562 msDefaultImage\" title=\"3000-2000-max - 2024-09-30T170510.516\" \/><\/li>\n                <li style=\"display: none; width: 100%;\" class=\"slide-5563 ms-image \" aria-roledescription=\"slide\" data-date=\"2024-09-30 20:36:56\" data-filename=\"3000-2000-max-2024-09-30T170523.750-scaled-900x650.jpg\" data-slide-type=\"image\"><img loading=\"lazy\" decoding=\"async\" src=\"https:\/\/www.marinejugend-kiel.de\/wp-content\/uploads\/2024\/09\/3000-2000-max-2024-09-30T170523.750-scaled-900x650.jpg\" height=\"650\" width=\"900\" alt=\"\" class=\"slider-5557 slide-5563 msDefaultImage\" title=\"3000-2000-max - 2024-09-30T170523.750\" \/><\/li>\n                <li style=\"display: none; width: 100%;\" class=\"slide-5564 ms-image \" aria-roledescription=\"slide\" data-date=\"2024-09-30 20:36:56\" data-filename=\"3000-2000-max-2024-09-30T170256.363-scaled-900x650.jpg\" data-slide-type=\"image\"><img loading=\"lazy\" decoding=\"async\" src=\"https:\/\/www.marinejugend-kiel.de\/wp-content\/uploads\/2024\/09\/3000-2000-max-2024-09-30T170256.363-scaled-900x650.jpg\" height=\"650\" width=\"900\" alt=\"\" class=\"slider-5557 slide-5564 msDefaultImage\" title=\"3000-2000-max - 2024-09-30T170256.363\" \/><\/li>\n                <li style=\"display: none; width: 100%;\" class=\"slide-5565 ms-image \" aria-roledescription=\"slide\" data-date=\"2024-09-30 20:36:56\" data-filename=\"3000-2000-max-2024-09-30T170228.840-scaled-900x650.jpg\" data-slide-type=\"image\"><img loading=\"lazy\" decoding=\"async\" src=\"https:\/\/www.marinejugend-kiel.de\/wp-content\/uploads\/2024\/09\/3000-2000-max-2024-09-30T170228.840-scaled-900x650.jpg\" height=\"650\" width=\"900\" alt=\"\" class=\"slider-5557 slide-5565 msDefaultImage\" title=\"3000-2000-max - 2024-09-30T170228.840\" \/><\/li>\n                <li style=\"display: none; width: 100%;\" class=\"slide-5566 ms-image \" aria-roledescription=\"slide\" data-date=\"2024-09-30 20:36:56\" data-filename=\"3000-2000-max-2024-09-30T170223.094-scaled-900x650.jpg\" data-slide-type=\"image\"><img loading=\"lazy\" decoding=\"async\" src=\"https:\/\/www.marinejugend-kiel.de\/wp-content\/uploads\/2024\/09\/3000-2000-max-2024-09-30T170223.094-scaled-900x650.jpg\" height=\"650\" width=\"900\" alt=\"\" class=\"slider-5557 slide-5566 msDefaultImage\" title=\"3000-2000-max - 2024-09-30T170223.094\" \/><\/li>\n                <li style=\"display: none; width: 100%;\" class=\"slide-5567 ms-image \" aria-roledescription=\"slide\" data-date=\"2024-09-30 20:36:56\" data-filename=\"3000-2000-max-2024-09-30T170117.769-scaled-900x650.jpg\" data-slide-type=\"image\"><img loading=\"lazy\" decoding=\"async\" src=\"https:\/\/www.marinejugend-kiel.de\/wp-content\/uploads\/2024\/09\/3000-2000-max-2024-09-30T170117.769-scaled-900x650.jpg\" height=\"650\" width=\"900\" alt=\"\" class=\"slider-5557 slide-5567 msDefaultImage\" title=\"3000-2000-max - 2024-09-30T170117.769\" \/><\/li>\n                <li style=\"display: none; width: 100%;\" class=\"slide-5568 ms-image \" aria-roledescription=\"slide\" data-date=\"2024-09-30 20:36:56\" data-filename=\"3000-2000-max-2024-09-30T170100.536-scaled-900x650.jpg\" data-slide-type=\"image\"><img loading=\"lazy\" decoding=\"async\" src=\"https:\/\/www.marinejugend-kiel.de\/wp-content\/uploads\/2024\/09\/3000-2000-max-2024-09-30T170100.536-scaled-900x650.jpg\" height=\"650\" width=\"900\" alt=\"\" class=\"slider-5557 slide-5568 msDefaultImage\" title=\"3000-2000-max - 2024-09-30T170100.536\" \/><\/li>\n                <li style=\"display: none; width: 100%;\" class=\"slide-5569 ms-image \" aria-roledescription=\"slide\" data-date=\"2024-09-30 20:36:56\" data-filename=\"3000-2000-max-2024-09-30T170054.113-scaled-900x650.jpg\" data-slide-type=\"image\"><img loading=\"lazy\" decoding=\"async\" src=\"https:\/\/www.marinejugend-kiel.de\/wp-content\/uploads\/2024\/09\/3000-2000-max-2024-09-30T170054.113-scaled-900x650.jpg\" height=\"650\" width=\"900\" alt=\"\" class=\"slider-5557 slide-5569 msDefaultImage\" title=\"3000-2000-max - 2024-09-30T170054.113\" \/><\/li>\n                <li style=\"display: none; width: 100%;\" class=\"slide-5570 ms-image \" aria-roledescription=\"slide\" data-date=\"2024-09-30 20:36:56\" data-filename=\"3000-2000-max-2024-09-30T170045.281-scaled-900x650.jpg\" data-slide-type=\"image\"><img loading=\"lazy\" decoding=\"async\" src=\"https:\/\/www.marinejugend-kiel.de\/wp-content\/uploads\/2024\/09\/3000-2000-max-2024-09-30T170045.281-scaled-900x650.jpg\" height=\"650\" width=\"900\" alt=\"\" class=\"slider-5557 slide-5570 msDefaultImage\" title=\"3000-2000-max - 2024-09-30T170045.281\" \/><\/li>\n                <li style=\"display: none; width: 100%;\" class=\"slide-5571 ms-image \" aria-roledescription=\"slide\" data-date=\"2024-09-30 20:36:56\" data-filename=\"3000-2000-max-2024-09-30T165924.889-scaled-900x650.jpg\" data-slide-type=\"image\"><img loading=\"lazy\" decoding=\"async\" src=\"https:\/\/www.marinejugend-kiel.de\/wp-content\/uploads\/2024\/09\/3000-2000-max-2024-09-30T165924.889-scaled-900x650.jpg\" height=\"650\" width=\"900\" alt=\"\" class=\"slider-5557 slide-5571 msDefaultImage\" title=\"3000-2000-max - 2024-09-30T165924.889\" \/><\/li>\n                <li style=\"display: none; width: 100%;\" class=\"slide-5572 ms-image \" aria-roledescription=\"slide\" data-date=\"2024-09-30 20:36:56\" data-filename=\"3000-2000-max-2024-09-30T165928.459-scaled-900x650.jpg\" data-slide-type=\"image\"><img loading=\"lazy\" decoding=\"async\" src=\"https:\/\/www.marinejugend-kiel.de\/wp-content\/uploads\/2024\/09\/3000-2000-max-2024-09-30T165928.459-scaled-900x650.jpg\" height=\"650\" width=\"900\" alt=\"\" class=\"slider-5557 slide-5572 msDefaultImage\" title=\"3000-2000-max - 2024-09-30T165928.459\" \/><\/li>\n                <li style=\"display: none; width: 100%;\" class=\"slide-5573 ms-image \" aria-roledescription=\"slide\" data-date=\"2024-09-30 20:36:56\" data-filename=\"3000-2000-max-2024-09-30T165934.074-scaled-900x650.jpg\" data-slide-type=\"image\"><img loading=\"lazy\" decoding=\"async\" src=\"https:\/\/www.marinejugend-kiel.de\/wp-content\/uploads\/2024\/09\/3000-2000-max-2024-09-30T165934.074-scaled-900x650.jpg\" height=\"650\" width=\"900\" alt=\"\" class=\"slider-5557 slide-5573 msDefaultImage\" title=\"3000-2000-max - 2024-09-30T165934.074\" \/><\/li>\n                <li style=\"display: none; width: 100%;\" class=\"slide-5574 ms-image \" aria-roledescription=\"slide\" data-date=\"2024-09-30 20:36:56\" data-filename=\"3000-2000-max-2024-09-30T165949.453-scaled-900x650.jpg\" data-slide-type=\"image\"><img loading=\"lazy\" decoding=\"async\" src=\"https:\/\/www.marinejugend-kiel.de\/wp-content\/uploads\/2024\/09\/3000-2000-max-2024-09-30T165949.453-scaled-900x650.jpg\" height=\"650\" width=\"900\" alt=\"\" class=\"slider-5557 slide-5574 msDefaultImage\" title=\"3000-2000-max - 2024-09-30T165949.453\" \/><\/li>\n                <li style=\"display: none; width: 100%;\" class=\"slide-5575 ms-image \" aria-roledescription=\"slide\" data-date=\"2024-09-30 20:36:56\" data-filename=\"3000-2000-max-2024-09-30T170006.349-scaled-900x650.jpg\" data-slide-type=\"image\"><img loading=\"lazy\" decoding=\"async\" src=\"https:\/\/www.marinejugend-kiel.de\/wp-content\/uploads\/2024\/09\/3000-2000-max-2024-09-30T170006.349-scaled-900x650.jpg\" height=\"650\" width=\"900\" alt=\"\" class=\"slider-5557 slide-5575 msDefaultImage\" title=\"3000-2000-max - 2024-09-30T170006.349\" \/><\/li>\n                <li style=\"display: none; width: 100%;\" class=\"slide-5576 ms-image \" aria-roledescription=\"slide\" data-date=\"2024-09-30 20:36:56\" data-filename=\"3000-2000-max-2024-09-30T170018.335-scaled-900x650.jpg\" data-slide-type=\"image\"><img loading=\"lazy\" decoding=\"async\" src=\"https:\/\/www.marinejugend-kiel.de\/wp-content\/uploads\/2024\/09\/3000-2000-max-2024-09-30T170018.335-scaled-900x650.jpg\" height=\"650\" width=\"900\" alt=\"\" class=\"slider-5557 slide-5576 msDefaultImage\" title=\"3000-2000-max - 2024-09-30T170018.335\" \/><\/li>\n                <li style=\"display: none; width: 100%;\" class=\"slide-5577 ms-image \" aria-roledescription=\"slide\" data-date=\"2024-09-30 20:36:56\" data-filename=\"3000-2000-max-2024-09-30T170026.864-scaled-900x650.jpg\" data-slide-type=\"image\"><img loading=\"lazy\" decoding=\"async\" src=\"https:\/\/www.marinejugend-kiel.de\/wp-content\/uploads\/2024\/09\/3000-2000-max-2024-09-30T170026.864-scaled-900x650.jpg\" height=\"650\" width=\"900\" alt=\"\" class=\"slider-5557 slide-5577 msDefaultImage\" title=\"3000-2000-max - 2024-09-30T170026.864\" \/><\/li>\n                <li style=\"display: none; width: 100%;\" class=\"slide-5578 ms-image \" aria-roledescription=\"slide\" data-date=\"2024-09-30 20:36:56\" data-filename=\"3000-2000-max-2024-09-30T170032.855-scaled-900x650.jpg\" data-slide-type=\"image\"><img loading=\"lazy\" decoding=\"async\" src=\"https:\/\/www.marinejugend-kiel.de\/wp-content\/uploads\/2024\/09\/3000-2000-max-2024-09-30T170032.855-scaled-900x650.jpg\" height=\"650\" width=\"900\" alt=\"\" class=\"slider-5557 slide-5578 msDefaultImage\" title=\"3000-2000-max - 2024-09-30T170032.855\" \/><\/li>\n                <li style=\"display: none; width: 100%;\" class=\"slide-5579 ms-image \" aria-roledescription=\"slide\" data-date=\"2024-09-30 20:36:56\" data-filename=\"3000-2000-max-2024-09-30T170036.889-scaled-900x650.jpg\" data-slide-type=\"image\"><img loading=\"lazy\" decoding=\"async\" src=\"https:\/\/www.marinejugend-kiel.de\/wp-content\/uploads\/2024\/09\/3000-2000-max-2024-09-30T170036.889-scaled-900x650.jpg\" height=\"650\" width=\"900\" alt=\"\" class=\"slider-5557 slide-5579 msDefaultImage\" title=\"3000-2000-max - 2024-09-30T170036.889\" \/><\/li>\n                <li style=\"display: none; width: 100%;\" class=\"slide-5580 ms-image \" aria-roledescription=\"slide\" data-date=\"2024-09-30 20:36:56\" data-filename=\"1024-1536-1-900x650.jpg\" data-slide-type=\"image\"><img loading=\"lazy\" decoding=\"async\" src=\"https:\/\/www.marinejugend-kiel.de\/wp-content\/uploads\/2024\/09\/1024-1536-1-900x650.jpg\" height=\"650\" width=\"900\" alt=\"\" class=\"slider-5557 slide-5580 msDefaultImage\" title=\"1024-1536 (1)\" \/><\/li>\n            <\/ul>\n        <\/div>\n        \n    <\/div>\n<\/div><\/div>\n\n\n\n<p class=\"wp-block-paragraph\">Irgendwann gelingt es schlie\u00dflich. Mit Essen und Trinken l\u00e4sst es sich zudem viel besser unterhalten. Und es wird in den n\u00e4chsten Stunden gut zugelangt bei Grillgut, Salaten, selbst gebackenem Brot und vielen verschiedenen Kuchen. Zeitweise kommt das Vereinsteam kaum mit Kaffeekochen und Nachlegen hinterher. Aber alle freuen sich, dass es den G\u00e4sten so gut schmeckt. Asha und Helge werden noch einmal offiziell vom Vorstand begr\u00fc\u00dft, erhalten ihren neuen MJK-Wimpel und d\u00fcrfen nun endlich auch selbst ein wenig \u00fcber das Erlebte berichten. Das Publikum ist sehr bunt gemischt: Freunde und Verwandte der Weltumsegler sind dabei, aber nat\u00fcrlich auch viele Vereinsmitglieder und Ehemalige, die zur Freude nicht nur des Vorstands teils nach Jahren wieder einmal bei der Marine-Jugend vorbeischauen.<\/p>\n\n\n\n<p class=\"wp-block-paragraph\"><strong>Aufr\u00e4umen und Boote zur\u00fcck verlegen<\/strong><\/p>\n\n\n\n<p class=\"wp-block-paragraph\">W\u00e4hrend viele G\u00e4ste noch unter dem Pavillon sitzen und kl\u00f6nen, machen sich die Crews zwischenzeitlich auf und segeln die vier gro\u00dfen Vereinsboote wieder zur\u00fcck zu ihren Liegepl\u00e4tzen im Sporthafen. \u201eFritjof\u201c nutzt zudem die Gelegenheit und nimmt gleich ein paar interessierte G\u00e4ste mit auf die Tour mit. Als die gemeinsame Feier am Abend langsam zu Ende geht, schreiten wieder die Helferinnen und Helfer zur Tat, bauen das Bufett zur\u00fcck, waschen die Reste ab, sammeln den M\u00fcll ein, klappen B\u00e4nke und Tische zusammen, schrauben die Pavillons auseinander. Als sich die Helferrunde schlie\u00dflich zum Abschluss im Gruppenraum versammelt, ist das gesamte Gel\u00e4nde wieder \u201ebesenrein\u201c. Auch das geh\u00f6rt zu einem guten Abschluss. Und allen, die bei dieser sch\u00f6nen Veranstaltung geholfen und sich eingebracht haben, geb\u00fchrt wirklich gro\u00dfer Dank! <br><br><em>Fotos von: Guido+Marcel+J\u00f6rn+Thomas+D\u00f6rte+Cathrine<\/em><br><em>Klaas<\/em><\/p>\n\n\n\n<p class=\"wp-block-paragraph\"><\/p>\n","protected":false},"excerpt":{"rendered":"<p>Beifall brandet auf am Steg vor \u201eGermania\u201c und \u201eMarine-Jugend Kieler F\u00f6rde\u201c an der Kielline: Dutzende Besucherinnen und Besucher haben hier schon eine dreiviertel Stunde gestanden und geduldig die Ankunft der Yacht \u201eGegenwind\u201c und ihrer kleinen Begleitflottille der MJK erwartet. Nun sind sie da. Mit weit auswehender MJK-Flagge bringen Asha und Helge die \u201eGegenwind\u201c an die &hellip; <\/p>\n<p class=\"link-more\"><a href=\"https:\/\/www.marinejugend-kiel.de\/index.php\/2024\/10\/01\/absegeln-mit-weltumseglern\/\" class=\"more-link\"><span class=\"screen-reader-text\">\u201eAbsegeln mit Weltumseglern\u201c <\/span>weiterlesen<\/a><\/p>\n","protected":false},"author":2,"featured_media":5409,"comment_status":"open","ping_status":"open","sticky":false,"template":"","format":"standard","meta":{"_crdt_document":"","footnotes":""},"categories":[1],"tags":[],"class_list":["post-5407","post","type-post","status-publish","format-standard","has-post-thumbnail","hentry","category-allgemein"],"_links":{"self":[{"href":"https:\/\/www.marinejugend-kiel.de\/index.php\/wp-json\/wp\/v2\/posts\/5407","targetHints":{"allow":["GET"]}}],"collection":[{"href":"https:\/\/www.marinejugend-kiel.de\/index.php\/wp-json\/wp\/v2\/posts"}],"about":[{"href":"https:\/\/www.marinejugend-kiel.de\/index.php\/wp-json\/wp\/v2\/types\/post"}],"author":[{"embeddable":true,"href":"https:\/\/www.marinejugend-kiel.de\/index.php\/wp-json\/wp\/v2\/users\/2"}],"replies":[{"embeddable":true,"href":"https:\/\/www.marinejugend-kiel.de\/index.php\/wp-json\/wp\/v2\/comments?post=5407"}],"version-history":[{"count":27,"href":"https:\/\/www.marinejugend-kiel.de\/index.php\/wp-json\/wp\/v2\/posts\/5407\/revisions"}],"predecessor-version":[{"id":5606,"href":"https:\/\/www.marinejugend-kiel.de\/index.php\/wp-json\/wp\/v2\/posts\/5407\/revisions\/5606"}],"wp:featuredmedia":[{"embeddable":true,"href":"https:\/\/www.marinejugend-kiel.de\/index.php\/wp-json\/wp\/v2\/media\/5409"}],"wp:attachment":[{"href":"https:\/\/www.marinejugend-kiel.de\/index.php\/wp-json\/wp\/v2\/media?parent=5407"}],"wp:term":[{"taxonomy":"category","embeddable":true,"href":"https:\/\/www.marinejugend-kiel.de\/index.php\/wp-json\/wp\/v2\/categories?post=5407"},{"taxonomy":"post_tag","embeddable":true,"href":"https:\/\/www.marinejugend-kiel.de\/index.php\/wp-json\/wp\/v2\/tags?post=5407"}],"curies":[{"name":"wp","href":"https:\/\/api.w.org\/{rel}","templated":true}]}}