{"id":3915,"date":"2021-10-07T22:18:00","date_gmt":"2021-10-07T20:18:00","guid":{"rendered":"http:\/\/www.marinejugend-kiel.de\/?p=3226"},"modified":"2021-11-07T22:11:23","modified_gmt":"2021-11-07T21:11:23","slug":"der-gorch-fock-entgegen","status":"publish","type":"post","link":"https:\/\/www.marinejugend-kiel.de\/index.php\/2021\/10\/07\/der-gorch-fock-entgegen\/","title":{"rendered":"Der \u201eGorch Fock\u201c entgegen"},"content":{"rendered":"\n<figure class=\"wp-block-image size-large\"><img decoding=\"async\" src=\"https:\/\/wp.mj-kiel.de\/wp-content\/uploads\/2021\/10\/kutterwardabei-1024x576.jpg\" alt=\"\" class=\"wp-image-3228\"\/><figcaption>Einer traut sich, Segel zu setzen, der andere halt nicht &#8230; \ud83d\ude42 \u201eFritjof\u201c begr\u00fc\u00dft das nach Kiel heimkehrende Segelschulschiff \u201eGorch Fock\u201c. Foto: har<\/figcaption><\/figure>\n\n\n\n<p class=\"wp-block-paragraph\">ZK-10-Kutter \u201eFritjof\u201c  und das Segelschulschiff \u201eGorch Fock\u201c: Wer ist in den vergangenen Jahren l\u00e4ngere Zeit in Kiel gewesen? Wer wurde in den vergangenen f\u00fcnf Jahren h\u00e4ufiger gesegelt? Wer wurde f\u00fcr kleineres Geld instand gehalten? Ja, der Vergleich ist gemein, hinkt und ist auch wirklich ein bisschen unfair. Aber es ist doch sch\u00f6n, dass \u201eFritjof\u201c mal die Nase vorn haben darf. Bei allen Querelen, die es um die \u201eGorch Fock\u201c in der Vergangenheit gegeben hat, bleibt sie doch die Bark aus \u201eWei\u00df ist das Schiff, das wir lieben\u201c. Und als dieses Wahrzeichen f\u00fcr Kiel nun ausgerechnet an einem Werktag nach fast sechs Jahren unter Salutsch\u00fcssen des Berliner Wachbataillons wieder in die Kieler F\u00f6rde einlief, war ein gro\u00dfer Tross aus Begleitbooten dabei. Und wie das Schulschiff liefen die vielen kleinen Begleiter fast alle unter Motor in die F\u00f6rde ein \u2013 was Wunder, kam der Wind doch fieserweise stetig aus S\u00fcdwest. Ein paar Ausnahmen gab es allerdings. Und zu ihnen geh\u00f6rte selbstverst\u00e4ndlich auch unser Kutter \u201eFritjof\u201c, der mit einer ausnehmend fr\u00f6hlichen Crew zur Begr\u00fc\u00dfung an der \u201eGorch Fock\u201c vorbeisegelte \u2013 ohne jede Maschine und ohne Riemen.   <br><em>Klaas<\/em><\/p>\n\n\n\n<figure class=\"wp-block-image size-large\"><img decoding=\"async\" src=\"https:\/\/wp.mj-kiel.de\/wp-content\/uploads\/2021\/10\/IMG-20211005-WA0009-767x1024.jpg\" alt=\"\" class=\"wp-image-3232\"\/><figcaption>Mit Liv an der Pinne unter vollen Segeln der \u201eGorch Fock\u201c entgegen. Foto: Helmut<\/figcaption><\/figure>\n","protected":false},"excerpt":{"rendered":"<p>ZK-10-Kutter \u201eFritjof\u201c und das Segelschulschiff \u201eGorch Fock\u201c: Wer ist in den vergangenen Jahren l\u00e4ngere Zeit in Kiel gewesen? Wer wurde in den vergangenen f\u00fcnf Jahren h\u00e4ufiger gesegelt? Wer wurde f\u00fcr kleineres Geld instand gehalten? Ja, der Vergleich ist gemein, hinkt und ist auch wirklich ein bisschen unfair. Aber es ist doch sch\u00f6n, dass \u201eFritjof\u201c mal &hellip; <\/p>\n<p class=\"link-more\"><a href=\"https:\/\/www.marinejugend-kiel.de\/index.php\/2021\/10\/07\/der-gorch-fock-entgegen\/\" class=\"more-link\"><span class=\"screen-reader-text\">\u201eDer \u201eGorch Fock\u201c entgegen\u201c <\/span>weiterlesen<\/a><\/p>\n","protected":false},"author":2,"featured_media":3622,"comment_status":"open","ping_status":"open","sticky":false,"template":"","format":"standard","meta":{"_crdt_document":"","footnotes":""},"categories":[1,13],"tags":[],"class_list":["post-3915","post","type-post","status-publish","format-standard","has-post-thumbnail","hentry","category-allgemein","category-kuttersegeln"],"_links":{"self":[{"href":"https:\/\/www.marinejugend-kiel.de\/index.php\/wp-json\/wp\/v2\/posts\/3915","targetHints":{"allow":["GET"]}}],"collection":[{"href":"https:\/\/www.marinejugend-kiel.de\/index.php\/wp-json\/wp\/v2\/posts"}],"about":[{"href":"https:\/\/www.marinejugend-kiel.de\/index.php\/wp-json\/wp\/v2\/types\/post"}],"author":[{"embeddable":true,"href":"https:\/\/www.marinejugend-kiel.de\/index.php\/wp-json\/wp\/v2\/users\/2"}],"replies":[{"embeddable":true,"href":"https:\/\/www.marinejugend-kiel.de\/index.php\/wp-json\/wp\/v2\/comments?post=3915"}],"version-history":[{"count":1,"href":"https:\/\/www.marinejugend-kiel.de\/index.php\/wp-json\/wp\/v2\/posts\/3915\/revisions"}],"predecessor-version":[{"id":4065,"href":"https:\/\/www.marinejugend-kiel.de\/index.php\/wp-json\/wp\/v2\/posts\/3915\/revisions\/4065"}],"wp:featuredmedia":[{"embeddable":true,"href":"https:\/\/www.marinejugend-kiel.de\/index.php\/wp-json\/wp\/v2\/media\/3622"}],"wp:attachment":[{"href":"https:\/\/www.marinejugend-kiel.de\/index.php\/wp-json\/wp\/v2\/media?parent=3915"}],"wp:term":[{"taxonomy":"category","embeddable":true,"href":"https:\/\/www.marinejugend-kiel.de\/index.php\/wp-json\/wp\/v2\/categories?post=3915"},{"taxonomy":"post_tag","embeddable":true,"href":"https:\/\/www.marinejugend-kiel.de\/index.php\/wp-json\/wp\/v2\/tags?post=3915"}],"curies":[{"name":"wp","href":"https:\/\/api.w.org\/{rel}","templated":true}]}}