{"id":3911,"date":"2021-09-25T12:37:09","date_gmt":"2021-09-25T10:37:09","guid":{"rendered":"http:\/\/www.marinejugend-kiel.de\/?p=3197"},"modified":"2021-09-25T12:37:09","modified_gmt":"2021-09-25T10:37:09","slug":"mit-dem-dickschiff-in-die-strander-bucht","status":"publish","type":"post","link":"https:\/\/www.marinejugend-kiel.de\/index.php\/2021\/09\/25\/mit-dem-dickschiff-in-die-strander-bucht\/","title":{"rendered":"Mit dem Dickschiff in die Strander Bucht"},"content":{"rendered":"\n<figure class=\"wp-block-image size-large\"><img decoding=\"async\" src=\"http:\/\/www.marinejugend-kiel.de\/wp-content\/uploads\/2021\/09\/wuling-1024x768.jpg\" alt=\"\" class=\"wp-image-3196\"\/><figcaption>F\u00fcr die Jollen war es ein bisschen viel Wind &#8230; aber f\u00fcr dieses Kaliber genau richtig. Foto: Finja<\/figcaption><\/figure>\n\n\n\n<p class=\"wp-block-paragraph\">Auf die Jollen hatte es gehen sollen; aber es war reichlich Wind, ein bisschen viel sogar. Und da unser Motorboot-Begleiter, der an diesem Tag eigentlich h\u00e4tte auf die Seglerinnen und Segler aufpassen sollen, wegen Zahnschmerzen ausgefallen war (Gute Besserung, Dennis!!!), suchten wir nach einer Alternative \u2013 Wind ist ja schlie\u00dflich allein kein Ausschlusskriterium beim Segeln. \ud83d\ude09 <\/p>\n\n\n\n<p class=\"wp-block-paragraph\">Peter hatte uns im Anschluss an die Kieler Woche angeboten, gern mit uns auf seiner Yacht zu segeln. Wenn nicht jetzt, wann dann? Nach einem kurzen Gespr\u00e4ch wurde die Jollen-Gruppe \u201eumger\u00fcstet\u201c: dicke Klamotten statt Neopren, wo vorhanden Automatik- statt Feststoffweste. Und so stiegen wir sehr spontan bei Peter aufs Boot.<\/p>\n\n\n\n<figure class=\"wp-block-image size-large\"><img decoding=\"async\" src=\"https:\/\/wp.mj-kiel.de\/wp-content\/uploads\/2021\/09\/malte-748x1024.jpg\" alt=\"\" class=\"wp-image-3195\"\/><figcaption>Als ob ein Kreuzfahrtschiff ein \u201eMatch\u201c f\u00fcr uns w\u00e4re: Malte peilt am Ruder nach vorn. Foto: Finja<\/figcaption><\/figure>\n\n\n\n<p class=\"wp-block-paragraph\">Peter Greve segelte mit uns raus in die Strander Bucht; jede und jeder durften (mussten \ud83d\ude09 ) abwechselnd ans Ruder \u2013 in der Welle vor Schilksee und Strande war das gar nicht so einfach. Und wir stellten fest, dass Surfer und Kiter mit ihren manchmal recht unvorhersehbaren Man\u00f6vern f\u00fcr einen Ruderg\u00e4nger einer Yacht schon eine echte Herausforderung darstellen.  Und wir lernten Einiges dazu. Alle m\u00f6glichen Fragen wurden gestellt und beantwortet. Nun wei\u00df auch ein Crew-Mitglied, wie es zum Hochseilgarten in Falkenstein kommt. Einiges Wissen blieb wohl allerdings eher im Kurzzeitged\u00e4chtnis haften, wenn mit Blick auf Heikendorf auf der R\u00fccktour dann ernsthaft nachgefragt wurde, ob das nun Heikendorf oder Falkenstein sei.  Nach der kurzweiligen Tour kamen wir rundum zufrieden im Hafen an \u2013 mit der Gewissheit, dass Dickschiff-Segeln eine echte Alternative ist. Ganz herzlichen Dank, Peter, dass Du uns das erm\u00f6glicht hast!<\/p>\n\n\n\n<figure class=\"wp-block-image size-large\"><img decoding=\"async\" src=\"http:\/\/www.marinejugend-kiel.de\/wp-content\/uploads\/2021\/09\/laengelaeuft-1024x768.jpg\" alt=\"\" class=\"wp-image-3194\"\/><figcaption>Gute Laune an Bord und wieder eine Menge gelernt. Foto: Finja<\/figcaption><\/figure>\n\n\n\n<figure class=\"wp-block-image size-large\"><img decoding=\"async\" src=\"http:\/\/www.marinejugend-kiel.de\/wp-content\/uploads\/2021\/09\/hannes-714x1024.jpg\" alt=\"\" class=\"wp-image-3193\"\/><figcaption>Fix aus der Kieler F\u00f6rde heraus: Peter und Hannes behalten den \u00dcberblick. Foto: Finja<\/figcaption><\/figure>\n\n\n\n<p class=\"wp-block-paragraph\">Am Tag zuvor hatte es noch anders auf der F\u00f6rde ausgesehen: gutes Segelwetter f\u00fcr die Opti-Gruppe der Fortgeschrittenen. Der Wind hatte so gut gestanden, dass wir f\u00fcr Constantin, Louis und Ole die rote Fahrwassertonne gegen\u00fcber unserem Vereinssteg als Regattatonne nutzen konnten.  Zwischen Steg-Kopf und gro\u00dfem Schlauchboot wurde die Startlinie gelegt \u2013 und dann wurden Starts ge\u00fcbt. Nach der ersten Rundung der Tonne fuhren alle wieder zum Steg, damit Janek noch einmal den Startvorgang erkl\u00e4ren konnte und welche Signale von Malte wann zu erwarten sind. Dann wechselte ich vorsichtshalber noch ein Segel, das einen schlechteren Eindruck machte als die der anderen. Nach diesen Verbesserungen und Absprachen sprangen alle wieder in die Boote. Und erneut wurde der Start ge\u00fcbt. Damit verging auch dieser Nachmittag aber wie im Fluge.<br><em>Finja<\/em><\/p>\n","protected":false},"excerpt":{"rendered":"<p>Auf die Jollen hatte es gehen sollen; aber es war reichlich Wind, ein bisschen viel sogar. Und da unser Motorboot-Begleiter, der an diesem Tag eigentlich h\u00e4tte auf die Seglerinnen und Segler aufpassen sollen, wegen Zahnschmerzen ausgefallen war (Gute Besserung, Dennis!!!), suchten wir nach einer Alternative \u2013 Wind ist ja schlie\u00dflich allein kein Ausschlusskriterium beim Segeln. &hellip; <\/p>\n<p class=\"link-more\"><a href=\"https:\/\/www.marinejugend-kiel.de\/index.php\/2021\/09\/25\/mit-dem-dickschiff-in-die-strander-bucht\/\" class=\"more-link\"><span class=\"screen-reader-text\">\u201eMit dem Dickschiff in die Strander Bucht\u201c <\/span>weiterlesen<\/a><\/p>\n","protected":false},"author":2,"featured_media":3606,"comment_status":"open","ping_status":"open","sticky":false,"template":"","format":"standard","meta":{"_crdt_document":"","footnotes":""},"categories":[1],"tags":[],"class_list":["post-3911","post","type-post","status-publish","format-standard","has-post-thumbnail","hentry","category-allgemein"],"_links":{"self":[{"href":"https:\/\/www.marinejugend-kiel.de\/index.php\/wp-json\/wp\/v2\/posts\/3911","targetHints":{"allow":["GET"]}}],"collection":[{"href":"https:\/\/www.marinejugend-kiel.de\/index.php\/wp-json\/wp\/v2\/posts"}],"about":[{"href":"https:\/\/www.marinejugend-kiel.de\/index.php\/wp-json\/wp\/v2\/types\/post"}],"author":[{"embeddable":true,"href":"https:\/\/www.marinejugend-kiel.de\/index.php\/wp-json\/wp\/v2\/users\/2"}],"replies":[{"embeddable":true,"href":"https:\/\/www.marinejugend-kiel.de\/index.php\/wp-json\/wp\/v2\/comments?post=3911"}],"version-history":[{"count":0,"href":"https:\/\/www.marinejugend-kiel.de\/index.php\/wp-json\/wp\/v2\/posts\/3911\/revisions"}],"wp:featuredmedia":[{"embeddable":true,"href":"https:\/\/www.marinejugend-kiel.de\/index.php\/wp-json\/wp\/v2\/media\/3606"}],"wp:attachment":[{"href":"https:\/\/www.marinejugend-kiel.de\/index.php\/wp-json\/wp\/v2\/media?parent=3911"}],"wp:term":[{"taxonomy":"category","embeddable":true,"href":"https:\/\/www.marinejugend-kiel.de\/index.php\/wp-json\/wp\/v2\/categories?post=3911"},{"taxonomy":"post_tag","embeddable":true,"href":"https:\/\/www.marinejugend-kiel.de\/index.php\/wp-json\/wp\/v2\/tags?post=3911"}],"curies":[{"name":"wp","href":"https:\/\/api.w.org\/{rel}","templated":true}]}}